{"id":4077,"date":"2019-01-21T19:16:43","date_gmt":"2019-01-21T18:16:43","guid":{"rendered":"http:\/\/solidaritatubaye.fr\/?p=4077"},"modified":"2019-01-22T15:28:31","modified_gmt":"2019-01-22T14:28:31","slug":"naissance-dun-livre-exil","status":"publish","type":"post","link":"https:\/\/solidaritatubaye.fr\/?p=4077","title":{"rendered":"Naissance d&rsquo;un livre: \u00abEXIL\u00bb"},"content":{"rendered":"\n<p><em>Au commencement, la proposition, toute simple, d&rsquo;essayer une nouvelle\ntechnique : la linogravure.<\/em><\/p>\n\n\n\n<div class=\"wp-block-image\"><figure class=\"alignright is-resized\"><img loading=\"lazy\" src=\"http:\/\/solidaritatubaye.fr\/wp-content\/uploads\/2019\/01\/Ziad.jpg\" alt=\"\" class=\"wp-image-4092\" width=\"140\" height=\"187\" srcset=\"https:\/\/solidaritatubaye.fr\/wp-content\/uploads\/2019\/01\/Ziad.jpg 750w, https:\/\/solidaritatubaye.fr\/wp-content\/uploads\/2019\/01\/Ziad-225x300.jpg 225w, https:\/\/solidaritatubaye.fr\/wp-content\/uploads\/2019\/01\/Ziad-38x50.jpg 38w, https:\/\/solidaritatubaye.fr\/wp-content\/uploads\/2019\/01\/Ziad-650x867.jpg 650w\" sizes=\"(max-width: 140px) 100vw, 140px\" \/><\/figure><\/div>\n\n\n\n<p><em>De la part de nos Amis Migrants, un peu d\u2019inqui\u00e9tude, de m\u00e9fiance (comme\ndevant tout ce qui est nouveau), puis grande s\u00e9r\u00e9nit\u00e9 (graver demande une\ngrande concentration qui permet d&rsquo;\u00e9vacuer le stress) et pour finir : fiert\u00e9 au\nvu de l&rsquo;impression (l\u2019\u0153uvre se trouvant magnifi\u00e9e par l&rsquo;impact du noir). 20\nplaques ont \u00e9t\u00e9 grav\u00e9es et imprim\u00e9es.<\/em><\/p>\n\n\n\n<div class=\"wp-block-image\"><figure class=\"alignleft is-resized\"><img loading=\"lazy\" src=\"http:\/\/solidaritatubaye.fr\/wp-content\/uploads\/2019\/01\/Mohamed-999x1024.jpg\" alt=\"\" class=\"wp-image-4090\" width=\"130\" height=\"133\" srcset=\"https:\/\/solidaritatubaye.fr\/wp-content\/uploads\/2019\/01\/Mohamed-999x1024.jpg 999w, https:\/\/solidaritatubaye.fr\/wp-content\/uploads\/2019\/01\/Mohamed-293x300.jpg 293w, https:\/\/solidaritatubaye.fr\/wp-content\/uploads\/2019\/01\/Mohamed-768x787.jpg 768w, https:\/\/solidaritatubaye.fr\/wp-content\/uploads\/2019\/01\/Mohamed-49x50.jpg 49w, https:\/\/solidaritatubaye.fr\/wp-content\/uploads\/2019\/01\/Mohamed-650x666.jpg 650w, https:\/\/solidaritatubaye.fr\/wp-content\/uploads\/2019\/01\/Mohamed.jpg 1000w\" sizes=\"(max-width: 130px) 100vw, 130px\" \/><\/figure><\/div>\n\n\n\n<p><em>Emerge l&rsquo;id\u00e9e d&rsquo;un recueil, avec, en vis-\u00e0-vis de chaque \u0153uvre, une\nphrase de son auteur, dans sa langue et en fran\u00e7ais.<\/em><\/p>\n\n\n\n<p><em>Quel titre donner au recueil ? EXIL ? RACINES ?<\/em><\/p>\n\n\n\n<div class=\"wp-block-image\"><figure class=\"alignright is-resized\"><img loading=\"lazy\" src=\"http:\/\/solidaritatubaye.fr\/wp-content\/uploads\/2019\/01\/recueil-linogravuresjpg.jpg\" alt=\"\" class=\"wp-image-4091\" width=\"238\" height=\"179\" srcset=\"https:\/\/solidaritatubaye.fr\/wp-content\/uploads\/2019\/01\/recueil-linogravuresjpg.jpg 1000w, https:\/\/solidaritatubaye.fr\/wp-content\/uploads\/2019\/01\/recueil-linogravuresjpg-300x225.jpg 300w, https:\/\/solidaritatubaye.fr\/wp-content\/uploads\/2019\/01\/recueil-linogravuresjpg-768x576.jpg 768w, https:\/\/solidaritatubaye.fr\/wp-content\/uploads\/2019\/01\/recueil-linogravuresjpg-67x50.jpg 67w, https:\/\/solidaritatubaye.fr\/wp-content\/uploads\/2019\/01\/recueil-linogravuresjpg-650x488.jpg 650w\" sizes=\"(max-width: 238px) 100vw, 238px\" \/><\/figure><\/div>\n\n\n\n<p style=\"text-align:left\"><em>EXIL sera choisi, en \u00e9cho au beau texte de Velibor \u010coli\u0107 qui lui sert de pr\u00e9face.<\/em><br><em>Fran\u00e7oise N.<\/em><\/p>\n\n\n\n<p>Ce recueil est en vente au prix de 10\u20ac\u00a0 \u00e0 Barcelonnette \u00e0 l\u2019Atelier Claude Gouron (52 rue Manuel). Il peut \u00eatre command\u00e9 \u00e0 Solidaritat Ubaye, 15 lotissement Villa Puebla, 04400 Barcelonnette, accompagn\u00e9 par un ch\u00e8que de 10 \u20ac\/exemplaire plus les frais de port (lettre suivie) suivants\u00a0: <br>1 exemplaire\u00a0: +2,40\u20ac\u00a0; 2-3 exemplaires\u00a0: +3,90\u20ac<\/p>\n\n\n\n<p><strong>Pour vos agendas<\/strong>&nbsp;: \u00ab&nbsp;EXIL&nbsp;\u00bb sera aussi en vente \u00e0 la <strong>7\u00e8 F\u00eate de l&rsquo;Estampe &#8211; <em>\u00ab\u00a0d&rsquo;encre et de terre\u00a0\u00bb<\/em><\/strong><em> <\/em>du 21&nbsp; au 25 mai au premier \u00e9tage de la Mairie de Barcelonnette au stand des 2 artistes Monique Ariello et Genevi\u00e8ve Armand. Le 26, rencontre avec les artistes de 14 \u00e0 15h.<br>Exposition organis\u00e9e par <em>Manifestampe<\/em>.<\/p>\n","protected":false},"excerpt":{"rendered":"<p>Au commencement, la proposition, toute simple, d&rsquo;essayer une nouvelle technique : la linogravure. De la part de nos Amis Migrants, un peu d\u2019inqui\u00e9tude, de m\u00e9fiance (comme devant tout ce qui [&hellip;]<\/p>\n<p><a href=\"https:\/\/solidaritatubaye.fr\/?p=4077\" class=\"more-link style3-button\">Read More<\/a><\/p>","protected":false},"author":5,"featured_media":4078,"comment_status":"open","ping_status":"open","sticky":false,"template":"","format":"standard","meta":[],"categories":[59],"tags":[],"_links":{"self":[{"href":"https:\/\/solidaritatubaye.fr\/index.php?rest_route=\/wp\/v2\/posts\/4077"}],"collection":[{"href":"https:\/\/solidaritatubaye.fr\/index.php?rest_route=\/wp\/v2\/posts"}],"about":[{"href":"https:\/\/solidaritatubaye.fr\/index.php?rest_route=\/wp\/v2\/types\/post"}],"author":[{"embeddable":true,"href":"https:\/\/solidaritatubaye.fr\/index.php?rest_route=\/wp\/v2\/users\/5"}],"replies":[{"embeddable":true,"href":"https:\/\/solidaritatubaye.fr\/index.php?rest_route=%2Fwp%2Fv2%2Fcomments&post=4077"}],"version-history":[{"count":4,"href":"https:\/\/solidaritatubaye.fr\/index.php?rest_route=\/wp\/v2\/posts\/4077\/revisions"}],"predecessor-version":[{"id":4097,"href":"https:\/\/solidaritatubaye.fr\/index.php?rest_route=\/wp\/v2\/posts\/4077\/revisions\/4097"}],"wp:featuredmedia":[{"embeddable":true,"href":"https:\/\/solidaritatubaye.fr\/index.php?rest_route=\/wp\/v2\/media\/4078"}],"wp:attachment":[{"href":"https:\/\/solidaritatubaye.fr\/index.php?rest_route=%2Fwp%2Fv2%2Fmedia&parent=4077"}],"wp:term":[{"taxonomy":"category","embeddable":true,"href":"https:\/\/solidaritatubaye.fr\/index.php?rest_route=%2Fwp%2Fv2%2Fcategories&post=4077"},{"taxonomy":"post_tag","embeddable":true,"href":"https:\/\/solidaritatubaye.fr\/index.php?rest_route=%2Fwp%2Fv2%2Ftags&post=4077"}],"curies":[{"name":"wp","href":"https:\/\/api.w.org\/{rel}","templated":true}]}}