{"id":4039,"date":"2018-08-01T12:05:53","date_gmt":"2018-08-01T10:05:53","guid":{"rendered":"http:\/\/solidaritatubaye.fr\/?p=4039"},"modified":"2019-01-14T12:44:51","modified_gmt":"2019-01-14T11:44:51","slug":"donner-et-recevoir-ete-2018","status":"publish","type":"post","link":"https:\/\/solidaritatubaye.fr\/?p=4039","title":{"rendered":"Donner et recevoir&#8230;&#8230;..\u00e9t\u00e9 2018"},"content":{"rendered":"<p style=\"text-align: right;\">Les Mercredis de l\u2019association Br\u00e9ole I Brius<\/p>\n<p>Cet \u00e9v\u00e9nement de spectacle de rue, de musique et d\u2019ateliers, enti\u00e8rement gratuit, a \u00e9t\u00e9 imagin\u00e9 cette ann\u00e9e encore par l\u2019association Br\u00e9ole I Brius les mercredis 25 juillet et 1er ao\u00fbt 2018 \u00e0 <strong>La Br\u00e9ole. <\/strong><\/p>\n<p>Mais tout ceci ne peut avoir lieu sans b\u00e9n\u00e9voles et cette ann\u00e9e les gars ont int\u00e9gr\u00e9 l\u2019\u00e9quipe des volontaires pour le plus grand plaisir des membres de l\u2019association&nbsp;!<\/p>\n<p><strong>DONNER<\/strong>\u2026.Pour chaque date, ils sont venus entre 3 et 4 jours. Ils \u00e9taient log\u00e9s sur La Br\u00e9ole et ont partag\u00e9 les repas avec les autres b\u00e9n\u00e9voles. Une belle relation s\u2019est tiss\u00e9e&nbsp;!<\/p>\n<p>Ici quelques photos de la premi\u00e8re journ\u00e9e de b\u00e9n\u00e9volat \u00e0 la Br\u00e9ole pour Sade, Salah, Zulfiqar, Ali et Fahim.<\/p>\n<p><img loading=\"lazy\" class=\"size-medium wp-image-4003 alignleft\" src=\"http:\/\/solidaritatubaye.fr\/wp-content\/uploads\/2018\/10\/DSC_0008-169x300.jpg\" alt=\"\" width=\"169\" height=\"300\" srcset=\"https:\/\/solidaritatubaye.fr\/wp-content\/uploads\/2018\/10\/DSC_0008-169x300.jpg 169w, https:\/\/solidaritatubaye.fr\/wp-content\/uploads\/2018\/10\/DSC_0008-768x1365.jpg 768w, https:\/\/solidaritatubaye.fr\/wp-content\/uploads\/2018\/10\/DSC_0008-576x1024.jpg 576w, https:\/\/solidaritatubaye.fr\/wp-content\/uploads\/2018\/10\/DSC_0008-28x50.jpg 28w, https:\/\/solidaritatubaye.fr\/wp-content\/uploads\/2018\/10\/DSC_0008-650x1156.jpg 650w, https:\/\/solidaritatubaye.fr\/wp-content\/uploads\/2018\/10\/DSC_0008-1000x1778.jpg 1000w\" sizes=\"(max-width: 169px) 100vw, 169px\" \/><img loading=\"lazy\" class=\"size-medium wp-image-4005 alignleft\" src=\"http:\/\/solidaritatubaye.fr\/wp-content\/uploads\/2018\/10\/DSC_0015-169x300.jpg\" alt=\"\" width=\"169\" height=\"300\" srcset=\"https:\/\/solidaritatubaye.fr\/wp-content\/uploads\/2018\/10\/DSC_0015-169x300.jpg 169w, https:\/\/solidaritatubaye.fr\/wp-content\/uploads\/2018\/10\/DSC_0015-768x1365.jpg 768w, https:\/\/solidaritatubaye.fr\/wp-content\/uploads\/2018\/10\/DSC_0015-576x1024.jpg 576w, https:\/\/solidaritatubaye.fr\/wp-content\/uploads\/2018\/10\/DSC_0015-28x50.jpg 28w, https:\/\/solidaritatubaye.fr\/wp-content\/uploads\/2018\/10\/DSC_0015-650x1156.jpg 650w, https:\/\/solidaritatubaye.fr\/wp-content\/uploads\/2018\/10\/DSC_0015-1000x1778.jpg 1000w\" sizes=\"(max-width: 169px) 100vw, 169px\" \/> <img loading=\"lazy\" class=\"size-medium wp-image-4004 aligncenter\" src=\"http:\/\/solidaritatubaye.fr\/wp-content\/uploads\/2018\/10\/DSC_0014-169x300.jpg\" alt=\"\" width=\"169\" height=\"300\" srcset=\"https:\/\/solidaritatubaye.fr\/wp-content\/uploads\/2018\/10\/DSC_0014-169x300.jpg 169w, https:\/\/solidaritatubaye.fr\/wp-content\/uploads\/2018\/10\/DSC_0014-768x1365.jpg 768w, https:\/\/solidaritatubaye.fr\/wp-content\/uploads\/2018\/10\/DSC_0014-576x1024.jpg 576w, https:\/\/solidaritatubaye.fr\/wp-content\/uploads\/2018\/10\/DSC_0014-28x50.jpg 28w, https:\/\/solidaritatubaye.fr\/wp-content\/uploads\/2018\/10\/DSC_0014-650x1156.jpg 650w, https:\/\/solidaritatubaye.fr\/wp-content\/uploads\/2018\/10\/DSC_0014-1000x1778.jpg 1000w\" sizes=\"(max-width: 169px) 100vw, 169px\" \/><\/p>\n<p>Pas le temps de prendre des photos pendant la deuxi\u00e8me journ\u00e9e! Vers 2H du matin certains sont toujours l\u00e0 et dansent avec le public&nbsp;!<\/p>\n<p><img loading=\"lazy\" class=\"alignnone size-medium wp-image-4006\" src=\"http:\/\/solidaritatubaye.fr\/wp-content\/uploads\/2018\/10\/DSC_0027-300x169.jpg\" alt=\"\" width=\"300\" height=\"169\" srcset=\"https:\/\/solidaritatubaye.fr\/wp-content\/uploads\/2018\/10\/DSC_0027-300x169.jpg 300w, https:\/\/solidaritatubaye.fr\/wp-content\/uploads\/2018\/10\/DSC_0027-768x432.jpg 768w, https:\/\/solidaritatubaye.fr\/wp-content\/uploads\/2018\/10\/DSC_0027-1024x576.jpg 1024w, https:\/\/solidaritatubaye.fr\/wp-content\/uploads\/2018\/10\/DSC_0027-89x50.jpg 89w, https:\/\/solidaritatubaye.fr\/wp-content\/uploads\/2018\/10\/DSC_0027-650x366.jpg 650w, https:\/\/solidaritatubaye.fr\/wp-content\/uploads\/2018\/10\/DSC_0027-1000x563.jpg 1000w\" sizes=\"(max-width: 300px) 100vw, 300px\" \/><\/p>\n<p>Pour le 2<sup>\u00e8me<\/sup> mercredi, les gars, toujours aussi efficaces et souriants ! Cette fois ils sont venus 4 jours \u00e0 7&nbsp;: Salah, Fahim, Omid, Kushal, Mahmoud, Suleiman et Wadebat&nbsp;!<\/p>\n<p><img loading=\"lazy\" class=\"size-medium wp-image-4007 alignleft\" src=\"http:\/\/solidaritatubaye.fr\/wp-content\/uploads\/2018\/10\/DSC_0030-300x169.jpg\" alt=\"\" width=\"300\" height=\"169\" srcset=\"https:\/\/solidaritatubaye.fr\/wp-content\/uploads\/2018\/10\/DSC_0030-300x169.jpg 300w, https:\/\/solidaritatubaye.fr\/wp-content\/uploads\/2018\/10\/DSC_0030-768x432.jpg 768w, https:\/\/solidaritatubaye.fr\/wp-content\/uploads\/2018\/10\/DSC_0030-1024x576.jpg 1024w, https:\/\/solidaritatubaye.fr\/wp-content\/uploads\/2018\/10\/DSC_0030-89x50.jpg 89w, https:\/\/solidaritatubaye.fr\/wp-content\/uploads\/2018\/10\/DSC_0030-650x366.jpg 650w, https:\/\/solidaritatubaye.fr\/wp-content\/uploads\/2018\/10\/DSC_0030-1000x563.jpg 1000w\" sizes=\"(max-width: 300px) 100vw, 300px\" \/> <img loading=\"lazy\" class=\"size-medium wp-image-4008 aligncenter\" src=\"http:\/\/solidaritatubaye.fr\/wp-content\/uploads\/2018\/10\/DSC_0031-300x169.jpg\" alt=\"\" width=\"300\" height=\"169\" srcset=\"https:\/\/solidaritatubaye.fr\/wp-content\/uploads\/2018\/10\/DSC_0031-300x169.jpg 300w, https:\/\/solidaritatubaye.fr\/wp-content\/uploads\/2018\/10\/DSC_0031-768x432.jpg 768w, https:\/\/solidaritatubaye.fr\/wp-content\/uploads\/2018\/10\/DSC_0031-1024x576.jpg 1024w, https:\/\/solidaritatubaye.fr\/wp-content\/uploads\/2018\/10\/DSC_0031-89x50.jpg 89w, https:\/\/solidaritatubaye.fr\/wp-content\/uploads\/2018\/10\/DSC_0031-650x366.jpg 650w, https:\/\/solidaritatubaye.fr\/wp-content\/uploads\/2018\/10\/DSC_0031-1000x563.jpg 1000w\" sizes=\"(max-width: 300px) 100vw, 300px\" \/> <img loading=\"lazy\" class=\"size-medium wp-image-4009 alignleft\" src=\"http:\/\/solidaritatubaye.fr\/wp-content\/uploads\/2018\/10\/DSC_0033-300x169.jpg\" alt=\"\" width=\"300\" height=\"169\" srcset=\"https:\/\/solidaritatubaye.fr\/wp-content\/uploads\/2018\/10\/DSC_0033-300x169.jpg 300w, https:\/\/solidaritatubaye.fr\/wp-content\/uploads\/2018\/10\/DSC_0033-768x432.jpg 768w, https:\/\/solidaritatubaye.fr\/wp-content\/uploads\/2018\/10\/DSC_0033-1024x576.jpg 1024w, https:\/\/solidaritatubaye.fr\/wp-content\/uploads\/2018\/10\/DSC_0033-89x50.jpg 89w, https:\/\/solidaritatubaye.fr\/wp-content\/uploads\/2018\/10\/DSC_0033-650x366.jpg 650w, https:\/\/solidaritatubaye.fr\/wp-content\/uploads\/2018\/10\/DSC_0033-1000x563.jpg 1000w\" sizes=\"(max-width: 300px) 100vw, 300px\" \/><strong> <img loading=\"lazy\" class=\"size-medium wp-image-4011 alignleft\" src=\"http:\/\/solidaritatubaye.fr\/wp-content\/uploads\/2018\/10\/DSC_0053-300x169.jpg\" alt=\"\" width=\"300\" height=\"169\" srcset=\"https:\/\/solidaritatubaye.fr\/wp-content\/uploads\/2018\/10\/DSC_0053-300x169.jpg 300w, https:\/\/solidaritatubaye.fr\/wp-content\/uploads\/2018\/10\/DSC_0053-768x432.jpg 768w, https:\/\/solidaritatubaye.fr\/wp-content\/uploads\/2018\/10\/DSC_0053-1024x576.jpg 1024w, https:\/\/solidaritatubaye.fr\/wp-content\/uploads\/2018\/10\/DSC_0053-89x50.jpg 89w, https:\/\/solidaritatubaye.fr\/wp-content\/uploads\/2018\/10\/DSC_0053-650x366.jpg 650w, https:\/\/solidaritatubaye.fr\/wp-content\/uploads\/2018\/10\/DSC_0053-1000x563.jpg 1000w\" sizes=\"(max-width: 300px) 100vw, 300px\" \/><\/strong><\/p>\n<p>Et\u2026<strong>RECEVOIR<\/strong><\/p>\n<p>Cet \u00e9t\u00e9 gr\u00e2ce \u00e0 la g\u00e9n\u00e9rosit\u00e9 des entreprises de rafting de la vall\u00e9e&nbsp;:<\/p>\n<p>Le 30 juin 2018 avec 4 guides (Patrick et Marc &nbsp;Anaconda, &nbsp;Christophe Rivi\u00e8res sauvages, Franck Barcelonnette raft) et le 2\u00e8me sortie avec Rapid\u2019eau Raft 5 juillet, rafting + acrobranche \u00e0 l\u2019Aventure Parc, M\u00e9olans.<\/p>\n<p><img loading=\"lazy\" class=\"size-medium wp-image-4042 alignleft\" src=\"http:\/\/solidaritatubaye.fr\/wp-content\/uploads\/2018\/12\/IMG_0440-300x225.jpg\" alt=\"\" width=\"300\" height=\"225\" srcset=\"https:\/\/solidaritatubaye.fr\/wp-content\/uploads\/2018\/12\/IMG_0440-300x225.jpg 300w, https:\/\/solidaritatubaye.fr\/wp-content\/uploads\/2018\/12\/IMG_0440-768x576.jpg 768w, https:\/\/solidaritatubaye.fr\/wp-content\/uploads\/2018\/12\/IMG_0440-1024x768.jpg 1024w, https:\/\/solidaritatubaye.fr\/wp-content\/uploads\/2018\/12\/IMG_0440-67x50.jpg 67w, https:\/\/solidaritatubaye.fr\/wp-content\/uploads\/2018\/12\/IMG_0440-650x488.jpg 650w, https:\/\/solidaritatubaye.fr\/wp-content\/uploads\/2018\/12\/IMG_0440-1000x750.jpg 1000w\" sizes=\"(max-width: 300px) 100vw, 300px\" \/> <img loading=\"lazy\" class=\"size-medium wp-image-4043 alignleft\" src=\"http:\/\/solidaritatubaye.fr\/wp-content\/uploads\/2018\/12\/IMG_0468-300x225.jpg\" alt=\"\" width=\"300\" height=\"225\" srcset=\"https:\/\/solidaritatubaye.fr\/wp-content\/uploads\/2018\/12\/IMG_0468-300x225.jpg 300w, https:\/\/solidaritatubaye.fr\/wp-content\/uploads\/2018\/12\/IMG_0468-768x576.jpg 768w, https:\/\/solidaritatubaye.fr\/wp-content\/uploads\/2018\/12\/IMG_0468-1024x768.jpg 1024w, https:\/\/solidaritatubaye.fr\/wp-content\/uploads\/2018\/12\/IMG_0468-67x50.jpg 67w, https:\/\/solidaritatubaye.fr\/wp-content\/uploads\/2018\/12\/IMG_0468-650x488.jpg 650w, https:\/\/solidaritatubaye.fr\/wp-content\/uploads\/2018\/12\/IMG_0468-1000x750.jpg 1000w\" sizes=\"(max-width: 300px) 100vw, 300px\" \/> <img loading=\"lazy\" class=\"size-medium wp-image-4044 aligncenter\" src=\"http:\/\/solidaritatubaye.fr\/wp-content\/uploads\/2018\/12\/IMG_0484-300x225.jpg\" alt=\"\" width=\"300\" height=\"225\" srcset=\"https:\/\/solidaritatubaye.fr\/wp-content\/uploads\/2018\/12\/IMG_0484-300x225.jpg 300w, https:\/\/solidaritatubaye.fr\/wp-content\/uploads\/2018\/12\/IMG_0484-768x576.jpg 768w, https:\/\/solidaritatubaye.fr\/wp-content\/uploads\/2018\/12\/IMG_0484-1024x768.jpg 1024w, https:\/\/solidaritatubaye.fr\/wp-content\/uploads\/2018\/12\/IMG_0484-67x50.jpg 67w, https:\/\/solidaritatubaye.fr\/wp-content\/uploads\/2018\/12\/IMG_0484-650x488.jpg 650w, https:\/\/solidaritatubaye.fr\/wp-content\/uploads\/2018\/12\/IMG_0484-1000x750.jpg 1000w\" sizes=\"(max-width: 300px) 100vw, 300px\" \/><\/p>\n","protected":false},"excerpt":{"rendered":"<p>Les Mercredis de l\u2019association Br\u00e9ole I Brius Cet \u00e9v\u00e9nement de spectacle de rue, de musique et d\u2019ateliers, enti\u00e8rement gratuit, a \u00e9t\u00e9 imagin\u00e9 cette ann\u00e9e encore par l\u2019association Br\u00e9ole I Brius [&hellip;]<\/p>\n<p><a href=\"https:\/\/solidaritatubaye.fr\/?p=4039\" class=\"more-link style3-button\">Read More<\/a><\/p>","protected":false},"author":5,"featured_media":4012,"comment_status":"open","ping_status":"open","sticky":false,"template":"","format":"standard","meta":[],"categories":[60,65],"tags":[],"_links":{"self":[{"href":"https:\/\/solidaritatubaye.fr\/index.php?rest_route=\/wp\/v2\/posts\/4039"}],"collection":[{"href":"https:\/\/solidaritatubaye.fr\/index.php?rest_route=\/wp\/v2\/posts"}],"about":[{"href":"https:\/\/solidaritatubaye.fr\/index.php?rest_route=\/wp\/v2\/types\/post"}],"author":[{"embeddable":true,"href":"https:\/\/solidaritatubaye.fr\/index.php?rest_route=\/wp\/v2\/users\/5"}],"replies":[{"embeddable":true,"href":"https:\/\/solidaritatubaye.fr\/index.php?rest_route=%2Fwp%2Fv2%2Fcomments&post=4039"}],"version-history":[{"count":9,"href":"https:\/\/solidaritatubaye.fr\/index.php?rest_route=\/wp\/v2\/posts\/4039\/revisions"}],"predecessor-version":[{"id":4054,"href":"https:\/\/solidaritatubaye.fr\/index.php?rest_route=\/wp\/v2\/posts\/4039\/revisions\/4054"}],"wp:featuredmedia":[{"embeddable":true,"href":"https:\/\/solidaritatubaye.fr\/index.php?rest_route=\/wp\/v2\/media\/4012"}],"wp:attachment":[{"href":"https:\/\/solidaritatubaye.fr\/index.php?rest_route=%2Fwp%2Fv2%2Fmedia&parent=4039"}],"wp:term":[{"taxonomy":"category","embeddable":true,"href":"https:\/\/solidaritatubaye.fr\/index.php?rest_route=%2Fwp%2Fv2%2Fcategories&post=4039"},{"taxonomy":"post_tag","embeddable":true,"href":"https:\/\/solidaritatubaye.fr\/index.php?rest_route=%2Fwp%2Fv2%2Ftags&post=4039"}],"curies":[{"name":"wp","href":"https:\/\/api.w.org\/{rel}","templated":true}]}}