{"id":3974,"date":"2018-06-20T11:13:05","date_gmt":"2018-06-20T09:13:05","guid":{"rendered":"http:\/\/solidaritatubaye.fr\/?p=3974"},"modified":"2018-06-20T11:13:05","modified_gmt":"2018-06-20T09:13:05","slug":"soiree-festive-et-musicale","status":"publish","type":"post","link":"https:\/\/solidaritatubaye.fr\/?p=3974","title":{"rendered":"Soir\u00e9e festive et musicale"},"content":{"rendered":"<div  class=\"tatsu-icpv9t9lj67872ku tatsu-section    tatsu-clearfix\" data-title=\"\"  data-headerscheme=\"background--dark\"><div class='tatsu-section-pad clearfix' data-padding='15px 0px 15px 0px' data-padding-top='15px'><div class=\"tatsu-row-wrap  tatsu-wrap tatsu-row-one-col tatsu-row-has-one-cols tatsu-medium-gutter tatsu-reg-cols  tatsu-clearfix tatsu-icpv9t9m8ha6qhg7\" ><div  class=\"tatsu-row \" ><div  class=\"tatsu-column  tatsu-column-no-bg tatsu-one-col tatsu-column-image- tatsu-column-effect-  tatsu-icpv9t9mcz6funnd\" data-animation=\"fadeIn\"   data-parallax-speed=\"0\" style=\"\"><div class=\"tatsu-column-inner \" ><div class=\"tatsu-column-pad-wrap\"><div class=\"tatsu-column-pad\" ><div  class=\"tatsu-module tatsu-text-block-wrap tatsu-icpv9t9mkf1z7nrx  \"><div class=\"tatsu-text-inner   clearfix\" data-animation=\"fadeIn\"  ><style>.tatsu-icpv9t9mkf1z7nrx.tatsu-text-block-wrap .tatsu-text-inner{width: 100%;}<\/style>\n<div>\n<p>Les demandeurs d&rsquo;asile vous proposent une rencontre\u00a0autour de plats concoct\u00e9s par leurs soins. Une fois le ventre plein, nous pourrons danser tous ensemble sur des musiques issues de leurs diff\u00e9rents pays d&rsquo;origine. Nous pourrons \u00e9galement \u00e9changer sur les questions migratoires autour d&rsquo;une table d\u00e9di\u00e9e \u00e0 la rencontre et \u00e0 la discussion.<\/p>\n<p>Avec le soutien des associations \u00ab\u00a0Les Sillons Sauvages\u00a0\u00bb et \u00ab\u00a0Solidaritat Ubaye\u00a0\u00bb, ils vous convient \u00e0 une soir\u00e9e festive et musicale, <strong>samedi 23 juin \u00e0 partir de 18h<\/strong>, \u00e0 la salle du march\u00e9 couvert de Barcelonnette.<\/p>\n<\/div>\n<div>\n<p>L&rsquo;entr\u00e9e sera en libre acc\u00e8s. Vous trouverez sur place un buffet \u00e0 prix libre avec des sp\u00e9cialit\u00e9s de chaque nationalit\u00e9 et une buvette \u00e0 prix fixe.<\/p>\n<p>Embarquez pour une soir\u00e9e festive, originale et engag\u00e9e ! Nous vous esp\u00e9rons nombreux !<\/p>\n<\/div>\n<div><\/div>\n<div><\/div>\n<div>Solidaritat*<\/div>\n<div><\/div>\n<\/div><\/div><div  class=\" tatsu-icpv9t9mmdfdgiwz be_image_slider oshine-module style1-arrow\"  ><div class=\"image_slider_module slides\" data-slide-show=\"1\" data-slide-show-speed=\"2000\"><div class=\"be_image_slide\"><img src=\"http:\/\/solidaritatubaye.fr\/wp-content\/uploads\/2018\/06\/affiche-23-juin-barcelonnette.jpg\" alt=\"\" \/><\/div><\/div><\/div><\/div><\/div><div class = \"tatsu-column-bg-image-wrap\"><div class = \"tatsu-column-bg-image\" ><\/div><\/div><\/div><style>.tatsu-icpv9t9mcz6funnd.tatsu-column > .tatsu-column-inner > .tatsu-column-pad-wrap > .tatsu-column-pad{padding: 0px 0px 0px 0px;}.tatsu-icpv9t9mcz6funnd.tatsu-column > .tatsu-column-inner{border-width: 0 0 0 0;}.tatsu-icpv9t9mcz6funnd.tatsu-column > .tatsu-column-inner > .tatsu-column-overlay{mix-blend-mode: none;}.tatsu-icpv9t9mcz6funnd > .tatsu-column-inner > .tatsu-top-divider{z-index: 9999;}.tatsu-icpv9t9mcz6funnd > .tatsu-column-inner > .tatsu-bottom-divider{z-index: 9999;}.tatsu-icpv9t9mcz6funnd > .tatsu-column-inner > .tatsu-left-divider{z-index: 9999;}.tatsu-icpv9t9mcz6funnd > .tatsu-column-inner > .tatsu-right-divider{z-index: 9999;}.tatsu-icpv9t9mcz6funnd.tatsu-column{transform: translate3d(0px,0px, 0);}<\/style><\/div><\/div><\/div><\/div><div class=\"tatsu-section-background-wrap\"><div class = \"tatsu-section-background\" ><\/div><\/div><style>.tatsu-icpv9t9lj67872ku .tatsu-section-pad{padding: 15px 0px 15px 0px;}.tatsu-icpv9t9lj67872ku.tatsu-section{margin: 0px 0px 0px 0px;}.tatsu-icpv9t9lj67872ku > .tatsu-bottom-divider{z-index: 9999;}.tatsu-icpv9t9lj67872ku > .tatsu-top-divider{z-index: 9999;}<\/style><\/div>\n","protected":false},"excerpt":{"rendered":"<p><a href=\"https:\/\/solidaritatubaye.fr\/?p=3974\" class=\"more-link style3-button\">Read More<\/a><\/p>","protected":false},"author":4,"featured_media":0,"comment_status":"open","ping_status":"open","sticky":false,"template":"","format":"standard","meta":[],"categories":[58,65],"tags":[],"_links":{"self":[{"href":"https:\/\/solidaritatubaye.fr\/index.php?rest_route=\/wp\/v2\/posts\/3974"}],"collection":[{"href":"https:\/\/solidaritatubaye.fr\/index.php?rest_route=\/wp\/v2\/posts"}],"about":[{"href":"https:\/\/solidaritatubaye.fr\/index.php?rest_route=\/wp\/v2\/types\/post"}],"author":[{"embeddable":true,"href":"https:\/\/solidaritatubaye.fr\/index.php?rest_route=\/wp\/v2\/users\/4"}],"replies":[{"embeddable":true,"href":"https:\/\/solidaritatubaye.fr\/index.php?rest_route=%2Fwp%2Fv2%2Fcomments&post=3974"}],"version-history":[{"count":3,"href":"https:\/\/solidaritatubaye.fr\/index.php?rest_route=\/wp\/v2\/posts\/3974\/revisions"}],"predecessor-version":[{"id":3978,"href":"https:\/\/solidaritatubaye.fr\/index.php?rest_route=\/wp\/v2\/posts\/3974\/revisions\/3978"}],"wp:attachment":[{"href":"https:\/\/solidaritatubaye.fr\/index.php?rest_route=%2Fwp%2Fv2%2Fmedia&parent=3974"}],"wp:term":[{"taxonomy":"category","embeddable":true,"href":"https:\/\/solidaritatubaye.fr\/index.php?rest_route=%2Fwp%2Fv2%2Fcategories&post=3974"},{"taxonomy":"post_tag","embeddable":true,"href":"https:\/\/solidaritatubaye.fr\/index.php?rest_route=%2Fwp%2Fv2%2Ftags&post=3974"}],"curies":[{"name":"wp","href":"https:\/\/api.w.org\/{rel}","templated":true}]}}