{"id":3957,"date":"2018-06-07T17:03:02","date_gmt":"2018-06-07T15:03:02","guid":{"rendered":"http:\/\/solidaritatubaye.fr\/?p=3957"},"modified":"2018-06-07T17:03:20","modified_gmt":"2018-06-07T15:03:20","slug":"etats-generaux-des-migrations","status":"publish","type":"post","link":"https:\/\/solidaritatubaye.fr\/?p=3957","title":{"rendered":"Etats G\u00e9n\u00e9raux des Migrations"},"content":{"rendered":"<p>Quelques nouvelles sur les Etats G\u00e9n\u00e9raux des Migrations (EGM)&#8230;<\/p>\n<p>Trouvez-en le Compte Rendu <strong><a href=\"http:\/\/solidaritatubaye.fr\/wp-content\/uploads\/2018\/06\/01-Compte-rendu-de-la-session-des-EGM.pdf\">ICI<\/a><\/strong><\/p>\n<p>Veuillez lire le Manifeste des EGM <strong><a href=\"http:\/\/solidaritatubaye.fr\/wp-content\/uploads\/2018\/06\/02-Manifeste-EGM.pdf\">ICI<\/a><\/strong><\/p>\n<p>Et puis Solidaritat a \u00e9galement \u00e9crit une lettre au S\u00e9nateur, c&rsquo;est <strong><a href=\"http:\/\/solidaritatubaye.fr\/wp-content\/uploads\/2018\/06\/Lettre-au-Senateur-du-04-juin2018.doc\">ICI<\/a><\/strong><\/p>\n<p>&nbsp;<\/p>\n<p>Bonne lecture !<\/p>\n<p>&nbsp;<\/p>\n<p>Solidaritat*<\/p>\n","protected":false},"excerpt":{"rendered":"<p>Quelques nouvelles sur les Etats G\u00e9n\u00e9raux des Migrations (EGM)&#8230; Trouvez-en le Compte Rendu ICI Veuillez lire le Manifeste des EGM ICI Et puis Solidaritat a \u00e9galement \u00e9crit une lettre au [&hellip;]<\/p>\n<p><a href=\"https:\/\/solidaritatubaye.fr\/?p=3957\" class=\"more-link style3-button\">Read More<\/a><\/p>","protected":false},"author":4,"featured_media":0,"comment_status":"open","ping_status":"open","sticky":false,"template":"","format":"standard","meta":[],"categories":[55,67],"tags":[],"_links":{"self":[{"href":"https:\/\/solidaritatubaye.fr\/index.php?rest_route=\/wp\/v2\/posts\/3957"}],"collection":[{"href":"https:\/\/solidaritatubaye.fr\/index.php?rest_route=\/wp\/v2\/posts"}],"about":[{"href":"https:\/\/solidaritatubaye.fr\/index.php?rest_route=\/wp\/v2\/types\/post"}],"author":[{"embeddable":true,"href":"https:\/\/solidaritatubaye.fr\/index.php?rest_route=\/wp\/v2\/users\/4"}],"replies":[{"embeddable":true,"href":"https:\/\/solidaritatubaye.fr\/index.php?rest_route=%2Fwp%2Fv2%2Fcomments&post=3957"}],"version-history":[{"count":2,"href":"https:\/\/solidaritatubaye.fr\/index.php?rest_route=\/wp\/v2\/posts\/3957\/revisions"}],"predecessor-version":[{"id":3969,"href":"https:\/\/solidaritatubaye.fr\/index.php?rest_route=\/wp\/v2\/posts\/3957\/revisions\/3969"}],"wp:attachment":[{"href":"https:\/\/solidaritatubaye.fr\/index.php?rest_route=%2Fwp%2Fv2%2Fmedia&parent=3957"}],"wp:term":[{"taxonomy":"category","embeddable":true,"href":"https:\/\/solidaritatubaye.fr\/index.php?rest_route=%2Fwp%2Fv2%2Fcategories&post=3957"},{"taxonomy":"post_tag","embeddable":true,"href":"https:\/\/solidaritatubaye.fr\/index.php?rest_route=%2Fwp%2Fv2%2Ftags&post=3957"}],"curies":[{"name":"wp","href":"https:\/\/api.w.org\/{rel}","templated":true}]}}