{"id":3903,"date":"2017-12-19T21:52:53","date_gmt":"2017-12-19T20:52:53","guid":{"rendered":"http:\/\/solidaritatubaye.fr\/?p=3903"},"modified":"2017-12-19T21:52:53","modified_gmt":"2017-12-19T20:52:53","slug":"lhumanite-de-demain-se-construit-par-laccueil-des-migrants-aujourdhui","status":"publish","type":"post","link":"https:\/\/solidaritatubaye.fr\/?p=3903","title":{"rendered":"L&rsquo;humanit\u00e9 de demain se construit par l&rsquo;accueil des migrants aujourd&rsquo;hui"},"content":{"rendered":"<p>\u00ab\u00a0L&rsquo;humanit\u00e9 de demain se construit par l&rsquo;accueil des migrants aujourd&rsquo;hui\u00a0\u00bb est un texte sign\u00e9 par 413 organisations et associations, pour la journ\u00e9e internationale des migrants.<\/p>\n<p>&nbsp;<\/p>\n<p>&nbsp;<\/p>\n<p style=\"text-align: center;\"><strong>L\u2019humanit\u00e9 de demain se construit par<\/strong><br \/>\n<strong>l\u2019accueil des migrants aujourd\u2019hui<\/strong><\/p>\n<p style=\"text-align: center;\">\nEn cette journ\u00e9e internationale des migrants, nous pensons \u00e0 ces milliers d\u2019enfants, de femmes et<br \/>\nd\u2019hommes qui ont p\u00e9ri en M\u00e9diterran\u00e9e, dans le d\u00e9sert, ou en captivit\u00e9, alors qu\u2019ils avaient entrepris<br \/>\nun voyage pour une vie meilleure, plus s\u00fbre et plus digne, comme tout \u00eatre humain peut la d\u00e9sirer.<br \/>\nHommage \u00e0 tous ces exil\u00e9s qui ont d\u00fb risquer leur vie \u00e0 cause de plusieurs d\u00e9cennies de politiques<br \/>\ndes pays les plus riches qui ont rendu les routes de l\u2019exil impraticables et p\u00e9rilleuses.<br \/>\nEn cette journ\u00e9e mondiale des migrants, nos pens\u00e9es se portent \u00e9galement vers tous et toutes ces<br \/>\ncitoyens et citoyennes engag\u00e9.e.s qui, en France, en Europe et dans le monde, pensent qu\u2019accueillir<br \/>\nles personnes migrantes, manifester de la solidarit\u00e9 envers elles, c\u2019est construire l\u2019humanit\u00e9<br \/>\nd\u2019aujourd\u2019hui et le monde de demain.<br \/>\nLes obstacles mis sur les routes des migrants font le jeu des profiteurs de malheur, qui s\u00e8ment le<br \/>\ntrouble et la terreur en se livrant au trafic d\u2019\u00eatres humains, au racket et \u00e0 l\u2019esclavage. Ces maux<br \/>\ndoivent \u00eatre d\u00e9nonc\u00e9s et combattus. Or l&rsquo;arsenal r\u00e9pressif d\u00e9ploy\u00e9 aveugl\u00e9ment par les<br \/>\ngouvernements europ\u00e9ens frappe du m\u00eame coup les personnes migrantes, renfor\u00e7ant encore la<br \/>\nn\u00e9cessit\u00e9 pour elles de recourir \u00e0 des r\u00e9seaux criminels.<br \/>\nLa France est en premi\u00e8re ligne de ce mauvais combat. Une proposition de loi actuellement en<br \/>\ndiscussion au parlement permettrait la r\u00e9tention administrative anticip\u00e9e des personnes \u00ab dublin\u00e9.e.s<br \/>\n*\u00bb, puis, d\u00e9but 2018, un projet de loi sur l\u2019immigration et l\u2019asile risque d&rsquo;accro\u00eetre encore le dispositif<br \/>\nde r\u00e9pression \u00e0 l&rsquo;encontre de l&rsquo;ensemble des \u00e9trangers. Sans attendre l&rsquo;adoption de ces r\u00e9formes, le<br \/>\nministre de l\u2019Int\u00e9rieur, via une circulaire en date du 20 novembre, a exhort\u00e9 les pr\u00e9fets \u00e0 obtenir des<br \/>\nr\u00e9sultats rapides en mati\u00e8re d\u2019expulsion de personnes en situation irr\u00e9guli\u00e8re. Pour ajouter encore au<br \/>\ncaract\u00e8re inacceptable de cette politique, d&rsquo;autres mesures sont envisag\u00e9es qui remettraient en<br \/>\nquestion le principe de l\u2019accueil inconditionnel dans les structures d\u2019h\u00e9bergement d\u2019urgence, et<br \/>\nviseraient \u00e0 contraindre les acteurs associatifs op\u00e9rant dans ces centres \u00e0 participer au tri entre \u00ab<br \/>\nbons \u00bb et \u00ab mauvais \u00bb migrants.<br \/>\nL\u2019action ext\u00e9rieure de la France est \u00e0 l\u2019avenant. Le Pr\u00e9sident Macron s\u2019indigne du traitement des<br \/>\nmigrants d\u00e9tenus en Libye, et des march\u00e9s aux esclaves, qu\u2019il feint de d\u00e9couvrir quand les ONG<br \/>\nalertent sur leur existence depuis plusieurs ann\u00e9es.<br \/>\nMais ni la France ni l\u2019Europe n\u2019envisagent de renoncer \u00e0 financer les \u00ab autorit\u00e9s \u00bb libyennes pour<br \/>\nqu\u2019elles continuent de bloquer les migrants, et donc \u00e0 fermer les yeux sur les violences et les trafics<br \/>\ndont elles se rendent de fait complices.<br \/>\nL\u2019argumentaire est toujours le m\u00eame : la France, comme l\u2019Europe, ne peut pas accueillir toute la<br \/>\nmis\u00e8re du monde&#8230; Sauf que \u00ab toute la mis\u00e8re du monde \u00bb n\u2019a aucunement l\u2019intention de venir en<br \/>\nFrance ou en Europe ! Les chiffres l\u2019attestent clairement. Ent\u00eat\u00e9es dans cette logique manich\u00e9enne<br \/>\nde tri, les autorit\u00e9s des pays europ\u00e9ens refusent d\u2019admettre que les causes des migrations sont<br \/>\nmultiples, et d&rsquo;envisager, en cons\u00e9quence, que les crit\u00e8res pour accueillir et accorder une protection<br \/>\nle soient aussi.<br \/>\nDans nos actions de terrain, nous, associations et organisations citoyennes, constatons<br \/>\nquotidiennement les cons\u00e9quences de ces orientations : maltraitance des migrants, violation de leurs<br \/>\ndroits fondamentaux, criminalisation des b\u00e9n\u00e9voles, affaiblissement des principes guidant le travail<br \/>\nsocial et la protection des personnes les plus fragiles, et donc les fondements m\u00eames de la solidarit\u00e9<br \/>\nnationale.<br \/>\nCette politique se d\u00e9veloppe sans concertation large avec les centaines d\u2019associations locales,<br \/>\ncollectifs citoyens ou organisations nationales qui travaillent aux c\u00f4t\u00e9s des personnes migrantes. En<br \/>\nd\u00e9pit de nos demandes, le gouvernement se barricade derri\u00e8re ses certitudes, se limitant \u00e0 quelques<br \/>\nrencontres avec certains acteurs pour les informer de ses d\u00e9cisions et confirmer son choix de<br \/>\npratiques d\u00e9magogiques, au demeurant d\u00e9nu\u00e9es de r\u00e9alisme, \u00e9rodant chaque jour un peu plus nos<br \/>\nchances de construire un futur fait de droits, de solidarit\u00e9 et de respect.<br \/>\nDans ce contexte plus qu\u2019inqui\u00e9tant, nous avons pris l\u2019initiative, le 21 novembre, de lancer les \u00ab<br \/>\n\u00c9tats g\u00e9n\u00e9raux des Migrations \u00bb. D\u2019abord marqu\u00e9s par des rencontres en r\u00e9gions de tous les acteurs<br \/>\ncitoyens impliqu\u00e9s, les id\u00e9es et propositions qui en \u00e9mergeront seront ensuite discut\u00e9es \u00e0 l\u2019occasion<br \/>\nd\u2019une session nationale pl\u00e9ni\u00e8re pr\u00e9vue au printemps prochain. Notre objectif est de faire ressortir<br \/>\ndes revendications communes et des propositions concr\u00e8tes pour une autre politique migratoire,<br \/>\nrespectueuse des droits fondamentaux.<br \/>\nCe 18 d\u00e9cembre, en soutien \u00e0 tous et toutes les migrant e s, nous \u22c5 \u22c5 sommes fermement d\u00e9cid\u00e9s \u00e0<br \/>\npromouvoir un changement radical qui mette un terme \u00e0 ces politiques migratoires aux<br \/>\ncons\u00e9quences humaines dramatiques.<\/p>\n<p style=\"text-align: center;\">\n<em>*On utilise cette expression pour d\u00e9signer les personnes \u00ab plac\u00e9es en proc\u00e9dure Dublin \u00bb, c&rsquo;est-\u00e0-dire<\/em><br \/>\n<em>que le r\u00e8glement europ\u00e9en Dublin III autorise \u00e0 renvoyer dans l&rsquo;\u00c9tat de l&rsquo;UE par lequel elles<\/em><br \/>\n<em>ont transit\u00e9 avant d&rsquo;arriver en France.<\/em><\/p>\n","protected":false},"excerpt":{"rendered":"<p>\u00ab\u00a0L&rsquo;humanit\u00e9 de demain se construit par l&rsquo;accueil des migrants aujourd&rsquo;hui\u00a0\u00bb est un texte sign\u00e9 par 413 organisations et associations, pour la journ\u00e9e internationale des migrants. &nbsp; &nbsp; L\u2019humanit\u00e9 de demain [&hellip;]<\/p>\n<p><a href=\"https:\/\/solidaritatubaye.fr\/?p=3903\" class=\"more-link style3-button\">Read More<\/a><\/p>","protected":false},"author":4,"featured_media":0,"comment_status":"open","ping_status":"open","sticky":false,"template":"","format":"standard","meta":[],"categories":[55,67],"tags":[],"_links":{"self":[{"href":"https:\/\/solidaritatubaye.fr\/index.php?rest_route=\/wp\/v2\/posts\/3903"}],"collection":[{"href":"https:\/\/solidaritatubaye.fr\/index.php?rest_route=\/wp\/v2\/posts"}],"about":[{"href":"https:\/\/solidaritatubaye.fr\/index.php?rest_route=\/wp\/v2\/types\/post"}],"author":[{"embeddable":true,"href":"https:\/\/solidaritatubaye.fr\/index.php?rest_route=\/wp\/v2\/users\/4"}],"replies":[{"embeddable":true,"href":"https:\/\/solidaritatubaye.fr\/index.php?rest_route=%2Fwp%2Fv2%2Fcomments&post=3903"}],"version-history":[{"count":1,"href":"https:\/\/solidaritatubaye.fr\/index.php?rest_route=\/wp\/v2\/posts\/3903\/revisions"}],"predecessor-version":[{"id":3904,"href":"https:\/\/solidaritatubaye.fr\/index.php?rest_route=\/wp\/v2\/posts\/3903\/revisions\/3904"}],"wp:attachment":[{"href":"https:\/\/solidaritatubaye.fr\/index.php?rest_route=%2Fwp%2Fv2%2Fmedia&parent=3903"}],"wp:term":[{"taxonomy":"category","embeddable":true,"href":"https:\/\/solidaritatubaye.fr\/index.php?rest_route=%2Fwp%2Fv2%2Fcategories&post=3903"},{"taxonomy":"post_tag","embeddable":true,"href":"https:\/\/solidaritatubaye.fr\/index.php?rest_route=%2Fwp%2Fv2%2Ftags&post=3903"}],"curies":[{"name":"wp","href":"https:\/\/api.w.org\/{rel}","templated":true}]}}