{"id":3898,"date":"2017-12-19T17:08:14","date_gmt":"2017-12-19T16:08:14","guid":{"rendered":"http:\/\/solidaritatubaye.fr\/?p=3898"},"modified":"2017-12-19T17:08:14","modified_gmt":"2017-12-19T16:08:14","slug":"interventions-dedwy-plenel","status":"publish","type":"post","link":"https:\/\/solidaritatubaye.fr\/?p=3898","title":{"rendered":"Interventions d&rsquo;Edwy Plenel"},"content":{"rendered":"<p>Voici les interventions d&rsquo;Edwy Plenel le samedi 16 d\u00e9cembre aux journ\u00e9es des \u00c9tats G\u00e9n\u00e9raux des Migrations, \u00e0 Brian\u00e7on.<\/p>\n<div style=\"width: 1160px;\" class=\"wp-video\"><!--[if lt IE 9]><script>document.createElement('video');<\/script><![endif]-->\n<video class=\"wp-video-shortcode\" id=\"video-3898-1\" width=\"1160\" height=\"653\" preload=\"metadata\" controls=\"controls\"><source type=\"video\/mp4\" src=\"http:\/\/solidaritatubaye.fr\/wp-content\/uploads\/2017\/12\/01-Intervention-d-Edwy-Plenel.mp4?_=1\" \/><a href=\"http:\/\/solidaritatubaye.fr\/wp-content\/uploads\/2017\/12\/01-Intervention-d-Edwy-Plenel.mp4\">http:\/\/solidaritatubaye.fr\/wp-content\/uploads\/2017\/12\/01-Intervention-d-Edwy-Plenel.mp4<\/a><\/video><\/div>\n<div style=\"width: 1160px;\" class=\"wp-video\"><video class=\"wp-video-shortcode\" id=\"video-3898-2\" width=\"1160\" height=\"653\" preload=\"metadata\" controls=\"controls\"><source type=\"video\/mp4\" src=\"http:\/\/solidaritatubaye.fr\/wp-content\/uploads\/2017\/12\/02-Intervention-d-Edwy-Plenel.mp4?_=2\" \/><a href=\"http:\/\/solidaritatubaye.fr\/wp-content\/uploads\/2017\/12\/02-Intervention-d-Edwy-Plenel.mp4\">http:\/\/solidaritatubaye.fr\/wp-content\/uploads\/2017\/12\/02-Intervention-d-Edwy-Plenel.mp4<\/a><\/video><\/div>\n<p>&nbsp;<\/p>\n<p>&nbsp;<\/p>\n<p>Solidaritat*<\/p>\n","protected":false},"excerpt":{"rendered":"<p>Voici les interventions d&rsquo;Edwy Plenel le samedi 16 d\u00e9cembre aux journ\u00e9es des \u00c9tats G\u00e9n\u00e9raux des Migrations, \u00e0 Brian\u00e7on. &nbsp; &nbsp; Solidaritat*<\/p>\n<p><a href=\"https:\/\/solidaritatubaye.fr\/?p=3898\" class=\"more-link style3-button\">Read More<\/a><\/p>","protected":false},"author":4,"featured_media":0,"comment_status":"open","ping_status":"open","sticky":false,"template":"","format":"standard","meta":[],"categories":[65,55,67],"tags":[],"_links":{"self":[{"href":"https:\/\/solidaritatubaye.fr\/index.php?rest_route=\/wp\/v2\/posts\/3898"}],"collection":[{"href":"https:\/\/solidaritatubaye.fr\/index.php?rest_route=\/wp\/v2\/posts"}],"about":[{"href":"https:\/\/solidaritatubaye.fr\/index.php?rest_route=\/wp\/v2\/types\/post"}],"author":[{"embeddable":true,"href":"https:\/\/solidaritatubaye.fr\/index.php?rest_route=\/wp\/v2\/users\/4"}],"replies":[{"embeddable":true,"href":"https:\/\/solidaritatubaye.fr\/index.php?rest_route=%2Fwp%2Fv2%2Fcomments&post=3898"}],"version-history":[{"count":2,"href":"https:\/\/solidaritatubaye.fr\/index.php?rest_route=\/wp\/v2\/posts\/3898\/revisions"}],"predecessor-version":[{"id":3902,"href":"https:\/\/solidaritatubaye.fr\/index.php?rest_route=\/wp\/v2\/posts\/3898\/revisions\/3902"}],"wp:attachment":[{"href":"https:\/\/solidaritatubaye.fr\/index.php?rest_route=%2Fwp%2Fv2%2Fmedia&parent=3898"}],"wp:term":[{"taxonomy":"category","embeddable":true,"href":"https:\/\/solidaritatubaye.fr\/index.php?rest_route=%2Fwp%2Fv2%2Fcategories&post=3898"},{"taxonomy":"post_tag","embeddable":true,"href":"https:\/\/solidaritatubaye.fr\/index.php?rest_route=%2Fwp%2Fv2%2Ftags&post=3898"}],"curies":[{"name":"wp","href":"https:\/\/api.w.org\/{rel}","templated":true}]}}