{"id":3887,"date":"2017-11-30T23:03:33","date_gmt":"2017-11-30T22:03:33","guid":{"rendered":"http:\/\/solidaritatubaye.fr\/?p=3887"},"modified":"2017-11-30T23:03:33","modified_gmt":"2017-11-30T22:03:33","slug":"lettre-de-personnes-dublinees-a-marseille","status":"publish","type":"post","link":"https:\/\/solidaritatubaye.fr\/?p=3887","title":{"rendered":"Lettre de personnes dublin\u00e9es \u00e0 Marseille"},"content":{"rendered":"<p><strong>Lettre des demandeurs d\u2019asile \u201cdublin\u00e9.es\u201d en lutte \u00e0 la Pr\u00e9fecture de Marseille (10 nov. 2017) (d\u00e9pos\u00e9e lors du \u00ab\u00a0Banquet des Dublin\u00e9.es\u00a0\u00bb, ven. 10 nov.) &#8211; <a href=\"https:\/\/www.facebook.com\/collectifmigrants13\/\">Collectif Migrants 13<\/a><\/strong><\/p>\n<p>Peuples de France, Monsieur le Pr\u00e9fet, Nous avons choisi la France pour sa r\u00e9putation mondiale concernant les droits de l&rsquo;\u00eatre Humain et l&rsquo;accueil des r\u00e9fugi\u00e9s. Pour atteindre la France, nous avons travers\u00e9 des pays de l&rsquo;Union Europ\u00e9enne o\u00f9 on nous a oblig\u00e9s de d\u00e9poser nos empreintes. Nous avons pris la d\u00e9cision de d\u00e9poser la demande d&rsquo;asile aupr\u00e8s de la R\u00e9publique Fran\u00e7aise mais nos d\u00e9marches ont \u00e9t\u00e9 bloqu\u00e9es par le r\u00e8glement Dublin. Nous ne pouvons pas retourner dans le pays o\u00f9 nous avons \u00e9t\u00e9 oblig\u00e9s de d\u00e9poser nos empreintes pour de multiples raisons ; parmi nous :<\/p>\n<p>&#8211; Certains ont eu des refus, d\u00e9bout\u00e9s du droit d&rsquo;asile dans le premier pays concern\u00e9<\/p>\n<p>&#8211; Certains ont subi des actes racistes et indignes.<\/p>\n<p>&#8211; Certains ont \u00e9t\u00e9 jet\u00e9s \u00e0 la rue, d\u00fb \u00e0 l&rsquo;insuffisance des dispositifs d&rsquo;accueil.<\/p>\n<p>&nbsp;<\/p>\n<p>Contre la devise de la R\u00e9publique, le gouvernement a mis en place des m\u00e9thodes pour mettre des pierres dans les chaussures (des b\u00e2tons dans les roues) aux personnes en proc\u00e9dure Dublin et favoriser les expulsions. On prend par exemple le dispositif PRAHDA g\u00e9r\u00e9 par Adoma qui \u0153uvre contre l&rsquo;int\u00e9r\u00eat des demandeurs d&rsquo;asile en proc\u00e9dure Dublin :<\/p>\n<p>&#8211; Les d\u00e9p\u00f4ts des demandes de recours hors d\u00e9lai.<\/p>\n<p>&#8211; La complicit\u00e9 d&rsquo;Adoma avec la Pr\u00e9fecture pour l&rsquo;expulsions de force et sans pr\u00e9avis des violations des droits.<\/p>\n<p>&#8211; Et le manque d&rsquo;un climat de vie digne d&rsquo;un \u00eatre humain.<\/p>\n<p>&nbsp;<\/p>\n<p>Pour cela, on sollicite votre haute bienveillance de :<\/p>\n<p>&#8211; Annuler nos proc\u00e9dures Dublin.<\/p>\n<p>&#8211; Stopper les expulsions.<\/p>\n<p>&#8211; Accepter nos demandes d&rsquo;asile.<\/p>\n<p>&#8211; La d\u00e9molition du fant\u00f4me Adoma-Prahda.<\/p>\n<p>&#8211; Permettre l&rsquo;acc\u00e8s \u00e0 l&rsquo;\u00e9ducation, \u00e9tudes et formations professionnelles.<\/p>\n<p>&nbsp;<\/p>\n<p>Nous sollicitons la R\u00e9publique Fran\u00e7aise et son peuple d&rsquo;avoir un regard de mis\u00e9ricorde envers notre situation de r\u00e9fugi\u00e9s qui ont laiss\u00e9 derri\u00e8re eux des nations, des familles. Des r\u00e9fugi\u00e9s fatigu\u00e9s d&rsquo;un voyage plein de dangers. Des personnes dublin\u00e9.e.s.<\/p>\n<p>\u00c0 Marseille, le 10 novembre 2017<\/p>\n","protected":false},"excerpt":{"rendered":"<p>Lettre des demandeurs d\u2019asile \u201cdublin\u00e9.es\u201d en lutte \u00e0 la Pr\u00e9fecture de Marseille (10 nov. 2017) (d\u00e9pos\u00e9e lors du \u00ab\u00a0Banquet des Dublin\u00e9.es\u00a0\u00bb, ven. 10 nov.) &#8211; Collectif Migrants 13 Peuples de [&hellip;]<\/p>\n<p><a href=\"https:\/\/solidaritatubaye.fr\/?p=3887\" class=\"more-link style3-button\">Read More<\/a><\/p>","protected":false},"author":4,"featured_media":0,"comment_status":"open","ping_status":"open","sticky":false,"template":"","format":"standard","meta":[],"categories":[55],"tags":[],"_links":{"self":[{"href":"https:\/\/solidaritatubaye.fr\/index.php?rest_route=\/wp\/v2\/posts\/3887"}],"collection":[{"href":"https:\/\/solidaritatubaye.fr\/index.php?rest_route=\/wp\/v2\/posts"}],"about":[{"href":"https:\/\/solidaritatubaye.fr\/index.php?rest_route=\/wp\/v2\/types\/post"}],"author":[{"embeddable":true,"href":"https:\/\/solidaritatubaye.fr\/index.php?rest_route=\/wp\/v2\/users\/4"}],"replies":[{"embeddable":true,"href":"https:\/\/solidaritatubaye.fr\/index.php?rest_route=%2Fwp%2Fv2%2Fcomments&post=3887"}],"version-history":[{"count":1,"href":"https:\/\/solidaritatubaye.fr\/index.php?rest_route=\/wp\/v2\/posts\/3887\/revisions"}],"predecessor-version":[{"id":3888,"href":"https:\/\/solidaritatubaye.fr\/index.php?rest_route=\/wp\/v2\/posts\/3887\/revisions\/3888"}],"wp:attachment":[{"href":"https:\/\/solidaritatubaye.fr\/index.php?rest_route=%2Fwp%2Fv2%2Fmedia&parent=3887"}],"wp:term":[{"taxonomy":"category","embeddable":true,"href":"https:\/\/solidaritatubaye.fr\/index.php?rest_route=%2Fwp%2Fv2%2Fcategories&post=3887"},{"taxonomy":"post_tag","embeddable":true,"href":"https:\/\/solidaritatubaye.fr\/index.php?rest_route=%2Fwp%2Fv2%2Ftags&post=3887"}],"curies":[{"name":"wp","href":"https:\/\/api.w.org\/{rel}","templated":true}]}}