{"id":3859,"date":"2017-09-24T19:51:45","date_gmt":"2017-09-24T17:51:45","guid":{"rendered":"http:\/\/solidaritatubaye.fr\/?p=3859"},"modified":"2017-09-24T19:57:24","modified_gmt":"2017-09-24T17:57:24","slug":"manifestation-du-23-septembre-2017","status":"publish","type":"post","link":"https:\/\/solidaritatubaye.fr\/?p=3859","title":{"rendered":"Manifestation du 23 septembre 2017"},"content":{"rendered":"<div  class=\"tatsu-ick54gu9p11dg893 tatsu-section    tatsu-clearfix\" data-title=\"\"  data-headerscheme=\"background--dark\"><div class='tatsu-section-pad clearfix' data-padding='15px 0px 15px 0px' data-padding-top='15px'><div class=\"tatsu-row-wrap  tatsu-wrap tatsu-row-one-col tatsu-row-has-one-cols tatsu-medium-gutter tatsu-reg-cols  tatsu-clearfix tatsu-ick54guaox8kck6h\" ><div  class=\"tatsu-row \" ><div  class=\"tatsu-column  tatsu-column-no-bg tatsu-one-col tatsu-column-image- tatsu-column-effect-  tatsu-ick54guaw59g6ygt\" data-animation=\"fadeIn\"   data-parallax-speed=\"0\" style=\"\"><div class=\"tatsu-column-inner \" ><div class=\"tatsu-column-pad-wrap\"><div class=\"tatsu-column-pad\" ><div  class=\"tatsu-module tatsu-text-block-wrap tatsu-ick54gubde6f0z66  \"><div class=\"tatsu-text-inner   clearfix\" data-animation=\"fadeIn\"  ><style>.tatsu-ick54gubde6f0z66.tatsu-text-block-wrap .tatsu-text-inner{width: 100%;}<\/style>\n<p><span style=\"font-size: small;\">Nous \u00e9tions moins d&rsquo;une dizaine d&rsquo;adh\u00e9rents de Solidaritat Ubaye \u2013 mais<br \/>\nc&rsquo;est d\u00e9j\u00e0 \u00e7a\u00a0! &#8211; \u00e0 la manifestation du 23 septembre au Col de<br \/>\nl\u2019\u00c9chelle.<\/span><\/p>\n<p>Petit message de \u00ab\u00a0Tous Migrants\u00a0\u00bb de Brian\u00e7on\u00a0:<\/p>\n<p>Aux membres des r\u00e9seaux Hospitalit\u00e9 sans fronti\u00e8res et Hospitalit\u00e9 (tout<br \/>\ncourt !)<br \/>\nBonjour,<br \/>\nOn a plut\u00f4t r\u00e9ussi hier notre manif au col de l\u2019\u00c9chelle, avec 250 joyeux<br \/>\nparticipants, malgr\u00e9 une organisation \u00e0 l\u2019arrache. Au nom de toute<br \/>\nl\u2019\u00e9quipe de Tous Migrants, un grand merci \u00e0 toutes les d\u00e9l\u00e9gations<br \/>\npr\u00e9sentes hier physiquement ou par la pens\u00e9e, \u00e7a fait du bien !<\/p>\n<p>Donc samedi 23 septembre 2017, la manifestation part du Col de<br \/>\nl\u2019\u00c9chelle, au bout de la magnifique vall\u00e9e de la Clar\u00e9e en direction de<br \/>\nla fronti\u00e8re italienne&#8230; il y aura une minute de silence \u00e0 l&rsquo;endroit o\u00f9<br \/>\ndans la nuit du 18 ao\u00fbt deux migrants pourchass\u00e9s par les gendarmes ont<br \/>\nfait une chute dramatique. Nous interpellerons plus tard les \u00ab\u00a0forces de<br \/>\nl&rsquo;ordre\u00a0\u00bb, en leur demandant de ne plus ex\u00e9cuter d&rsquo;ordres ill\u00e9gaux ! Ne<br \/>\npas porter assistance \u00e0 personnes en danger est insupportable, et en<br \/>\nmontagne cela r\u00e9volte les montagnards au del\u00e0 de tout !<\/p>\n<p>Et Solidaritat Ubaye vous offre en prime quelques photos de cette<br \/>\njourn\u00e9e&#8230;<\/p>\n<p>Merci Jean-Marc*<\/p>\n<\/div><\/div><div  class=\" tatsu-ick54gubfx8gj85 be_image_slider oshine-module style1-arrow\"  ><div class=\"image_slider_module slides\" data-slide-show=\"1\" data-slide-show-speed=\"2000\"><div class=\"be_image_slide\"><img src=\"http:\/\/solidaritatubaye.fr\/wp-content\/uploads\/2017\/09\/21.jpg\" alt=\"\" \/><\/div><div class=\"be_image_slide\"><img src=\"http:\/\/solidaritatubaye.fr\/wp-content\/uploads\/2017\/09\/22.jpg\" alt=\"\" \/><\/div><div class=\"be_image_slide\"><img src=\"http:\/\/solidaritatubaye.fr\/wp-content\/uploads\/2017\/09\/01.jpg\" alt=\"\" \/><\/div><div class=\"be_image_slide\"><img src=\"http:\/\/solidaritatubaye.fr\/wp-content\/uploads\/2017\/09\/02.jpg\" alt=\"\" \/><\/div><div class=\"be_image_slide\"><img src=\"http:\/\/solidaritatubaye.fr\/wp-content\/uploads\/2017\/09\/03.jpg\" alt=\"\" \/><\/div><div class=\"be_image_slide\"><img src=\"http:\/\/solidaritatubaye.fr\/wp-content\/uploads\/2017\/09\/04.jpg\" alt=\"\" \/><\/div><div class=\"be_image_slide\"><img src=\"http:\/\/solidaritatubaye.fr\/wp-content\/uploads\/2017\/09\/06.jpg\" alt=\"\" \/><\/div><div class=\"be_image_slide\"><img src=\"http:\/\/solidaritatubaye.fr\/wp-content\/uploads\/2017\/09\/05.jpg\" alt=\"\" \/><\/div><div class=\"be_image_slide\"><img src=\"http:\/\/solidaritatubaye.fr\/wp-content\/uploads\/2017\/09\/07.jpg\" alt=\"\" \/><\/div><div class=\"be_image_slide\"><img src=\"http:\/\/solidaritatubaye.fr\/wp-content\/uploads\/2017\/09\/08.jpg\" alt=\"\" \/><\/div><div class=\"be_image_slide\"><img src=\"http:\/\/solidaritatubaye.fr\/wp-content\/uploads\/2017\/09\/09.jpg\" alt=\"\" \/><\/div><div class=\"be_image_slide\"><img src=\"http:\/\/solidaritatubaye.fr\/wp-content\/uploads\/2017\/09\/10.jpg\" alt=\"\" \/><\/div><div class=\"be_image_slide\"><img src=\"http:\/\/solidaritatubaye.fr\/wp-content\/uploads\/2017\/09\/11.jpg\" alt=\"\" \/><\/div><div class=\"be_image_slide\"><img src=\"http:\/\/solidaritatubaye.fr\/wp-content\/uploads\/2017\/09\/12.jpg\" alt=\"\" \/><\/div><div class=\"be_image_slide\"><img src=\"http:\/\/solidaritatubaye.fr\/wp-content\/uploads\/2017\/09\/13.jpg\" alt=\"\" \/><\/div><div class=\"be_image_slide\"><img src=\"http:\/\/solidaritatubaye.fr\/wp-content\/uploads\/2017\/09\/14.jpg\" alt=\"\" \/><\/div><div class=\"be_image_slide\"><img src=\"http:\/\/solidaritatubaye.fr\/wp-content\/uploads\/2017\/09\/15.jpg\" alt=\"\" \/><\/div><div class=\"be_image_slide\"><img src=\"http:\/\/solidaritatubaye.fr\/wp-content\/uploads\/2017\/09\/16.jpg\" alt=\"\" \/><\/div><div class=\"be_image_slide\"><img src=\"http:\/\/solidaritatubaye.fr\/wp-content\/uploads\/2017\/09\/17.jpg\" alt=\"\" \/><\/div><div class=\"be_image_slide\"><img src=\"http:\/\/solidaritatubaye.fr\/wp-content\/uploads\/2017\/09\/19.jpg\" alt=\"\" \/><\/div><div class=\"be_image_slide\"><img src=\"http:\/\/solidaritatubaye.fr\/wp-content\/uploads\/2017\/09\/18.jpg\" alt=\"\" \/><\/div><div class=\"be_image_slide\"><img src=\"http:\/\/solidaritatubaye.fr\/wp-content\/uploads\/2017\/09\/20.jpg\" alt=\"\" \/><\/div><\/div><\/div><\/div><\/div><div class = \"tatsu-column-bg-image-wrap\"><div class = \"tatsu-column-bg-image\" ><\/div><\/div><\/div><style>.tatsu-ick54guaw59g6ygt.tatsu-column > .tatsu-column-inner > .tatsu-column-pad-wrap > .tatsu-column-pad{padding: 0px 0px 0px 0px;}.tatsu-ick54guaw59g6ygt.tatsu-column > .tatsu-column-inner{border-width: 0 0 0 0;}.tatsu-ick54guaw59g6ygt.tatsu-column > .tatsu-column-inner > .tatsu-column-overlay{mix-blend-mode: none;}.tatsu-ick54guaw59g6ygt > .tatsu-column-inner > .tatsu-top-divider{z-index: 9999;}.tatsu-ick54guaw59g6ygt > .tatsu-column-inner > .tatsu-bottom-divider{z-index: 9999;}.tatsu-ick54guaw59g6ygt > .tatsu-column-inner > .tatsu-left-divider{z-index: 9999;}.tatsu-ick54guaw59g6ygt > .tatsu-column-inner > .tatsu-right-divider{z-index: 9999;}.tatsu-ick54guaw59g6ygt.tatsu-column{transform: translate3d(0px,0px, 0);}<\/style><\/div><\/div><\/div><\/div><div class=\"tatsu-section-background-wrap\"><div class = \"tatsu-section-background\" ><\/div><\/div><style>.tatsu-ick54gu9p11dg893 .tatsu-section-pad{padding: 15px 0px 15px 0px;}.tatsu-ick54gu9p11dg893.tatsu-section{margin: 0px 0px 0px 0px;}.tatsu-ick54gu9p11dg893 > .tatsu-bottom-divider{z-index: 9999;}.tatsu-ick54gu9p11dg893 > .tatsu-top-divider{z-index: 9999;}<\/style><\/div>\n","protected":false},"excerpt":{"rendered":"<p><a href=\"https:\/\/solidaritatubaye.fr\/?p=3859\" class=\"more-link style3-button\">Read More<\/a><\/p>","protected":false},"author":4,"featured_media":0,"comment_status":"open","ping_status":"open","sticky":false,"template":"","format":"standard","meta":[],"categories":[65],"tags":[],"_links":{"self":[{"href":"https:\/\/solidaritatubaye.fr\/index.php?rest_route=\/wp\/v2\/posts\/3859"}],"collection":[{"href":"https:\/\/solidaritatubaye.fr\/index.php?rest_route=\/wp\/v2\/posts"}],"about":[{"href":"https:\/\/solidaritatubaye.fr\/index.php?rest_route=\/wp\/v2\/types\/post"}],"author":[{"embeddable":true,"href":"https:\/\/solidaritatubaye.fr\/index.php?rest_route=\/wp\/v2\/users\/4"}],"replies":[{"embeddable":true,"href":"https:\/\/solidaritatubaye.fr\/index.php?rest_route=%2Fwp%2Fv2%2Fcomments&post=3859"}],"version-history":[{"count":4,"href":"https:\/\/solidaritatubaye.fr\/index.php?rest_route=\/wp\/v2\/posts\/3859\/revisions"}],"predecessor-version":[{"id":3886,"href":"https:\/\/solidaritatubaye.fr\/index.php?rest_route=\/wp\/v2\/posts\/3859\/revisions\/3886"}],"wp:attachment":[{"href":"https:\/\/solidaritatubaye.fr\/index.php?rest_route=%2Fwp%2Fv2%2Fmedia&parent=3859"}],"wp:term":[{"taxonomy":"category","embeddable":true,"href":"https:\/\/solidaritatubaye.fr\/index.php?rest_route=%2Fwp%2Fv2%2Fcategories&post=3859"},{"taxonomy":"post_tag","embeddable":true,"href":"https:\/\/solidaritatubaye.fr\/index.php?rest_route=%2Fwp%2Fv2%2Ftags&post=3859"}],"curies":[{"name":"wp","href":"https:\/\/api.w.org\/{rel}","templated":true}]}}