{"id":3823,"date":"2017-07-23T19:38:34","date_gmt":"2017-07-23T17:38:34","guid":{"rendered":"http:\/\/solidaritatubaye.fr\/?p=3823"},"modified":"2017-07-23T19:38:34","modified_gmt":"2017-07-23T17:38:34","slug":"plaidoyer-a-mr-collomb","status":"publish","type":"post","link":"https:\/\/solidaritatubaye.fr\/?p=3823","title":{"rendered":"Plaidoyer \u00e0 Mr Collomb"},"content":{"rendered":"<p>Voici le plaidoyer d&rsquo;un m\u00e9decin de M\u00e9decins du Monde adress\u00e9 \u00e0 Mr Collomb, ce m\u00eame m\u00e9decin qui a \u00e0 pr\u00e9sent entam\u00e9 une gr\u00e8ve de la faim pour protester contre les proc\u00e9dures de Dublin engag\u00e9es envers des demandeurs d&rsquo;asile de Barcelonnette (article <a href=\"http:\/\/www.ledauphine.com\/haute-provence\/2017\/07\/21\/en-greve-de-la-faim-pour-les-demandeurs-d-asile\"><strong>ici<\/strong><\/a>) :<\/p>\n<p>&nbsp;<\/p>\n<div id=\"yui_3_16_0_ym19_1_1500120955490_5092\">Monsieur,<\/p>\n<div id=\"yui_3_16_0_ym19_1_1500120955490_5151\" class=\"y_msg_container\">\n<div id=\"yiv7752338695\">\n<div id=\"yui_3_16_0_ym19_1_1500120955490_5154\">\n<div id=\"yui_3_16_0_ym19_1_1500120955490_5153\">\n<div id=\"yui_3_16_0_ym19_1_1500120955490_5152\">\nEn tant que m\u00e9decin g\u00e9n\u00e9raliste, D\u00e9l\u00e9gu\u00e9 r\u00e9gional Auvergne-Rh\u00f4ne-Alpes de l&rsquo;association M\u00e9decins du Monde, je veux vous t\u00e9moigner toute notre exasp\u00e9ration face \u00e0 la fa\u00e7on dont sont contraintes de vivre de nombreuses personnes dans notre M\u00e9tropole. Et je souhaite ainsi interroger le sens de votre politique.<\/p>\n<p>Depuis plusieurs mois, de nombreuses personnes isol\u00e9es, enfants et familles \u00e0 la rue sont pouss\u00e9es par les forces de police \u00e0 se d\u00e9placer, au rythme des expulsions, errant d&rsquo;espace public en espace public. M\u00e9decins du Monde est pr\u00e9sent aupr\u00e8s de ces personnes et constate que la pr\u00e9carit\u00e9 de leurs conditions de vie alt\u00e8re leur sant\u00e9 physique et psychique, autant que leur dignit\u00e9.<\/p>\n<p>La pratique des m\u00e9decins est encadr\u00e9e par notre code de d\u00e9ontologie qui nous oblige \u00e0 soigner les personnes quelques soient leur origine, leurs moeurs et leur situation de famille, leur appartenance ou leur non-appartenance \u00e0 une ethnie, une nation ou une religion d\u00e9termin\u00e9e [&#8230;] (extrait de l&rsquo;article 7). Il ne s&rsquo;agit pour ce code ni de d\u00e9fendre une bonne morale ou je ne sais quelle charit\u00e9, mais juste de garantir des droits et des devoirs pour l&rsquo;organisation de soins dignes et de qualit\u00e9 dans notre pays.<\/p>\n<p>Sur quelle d\u00e9ontologie politique pourrons-nous nous accorder ? Vous paraissez craindre d&rsquo;accueillir la mis\u00e8re du monde, quand nous craignons que se construise pour le monde une politique qui, elle serait mis\u00e9rable. Vous dites redouter l&rsquo;appel d&rsquo;air, quand nous redoutons toute d\u00e9cision \u00e9conomique, politique ou militaire qui contribuerait \u00e0 cr\u00e9er les conditions de d\u00e9part de ces personnes. Vous discutez la pr\u00e9sence de migrants \u00e9conomiques, quand nous t\u00e9moignons que la grande pauvret\u00e9 est toujours le r\u00e9sultat de choix humains, et donc politiques. Vous avez peur qu&rsquo;il y ait trop d&rsquo;\u00e9trangers en France, quand nous d\u00e9fendons qu&rsquo;aujourd&rsquo;hui la citoyennet\u00e9 ne peut plus \u00eatre pens\u00e9e seulement au niveau national, les \u00e9changes et les \u00e9conomies \u00e9tant d\u00e9finitivement interd\u00e9pendants et internationaux.<\/p>\n<p>Comment ne serions-nous pas ulc\u00e9r\u00e9s quand, au lieu de mettre en travail ces enjeux-l\u00e0 dans le d\u00e9bat public, votre r\u00e9ponse est de mobiliser les forces de police pour chasser des personnes que la R\u00e9publique a la responsabilit\u00e9 de prot\u00e9ger.<\/p>\n<p>La dangerosit\u00e9 de cette r\u00e9ponse n&rsquo;est pas que symbolique et nos soignants peuvent en t\u00e9moigner : ruptures de traitement, \u00e9puisement, troubles du sommeil et anxio-d\u00e9pressifs, exposition accrue au risque de d\u00e9shydratation, femmes enceintes et femmes isol\u00e9es avec enfants et expos\u00e9es \u00e0 des risques de violence. Alors que le niveau 3 du plan canicule est activ\u00e9 \u00e0 Lyon, les riverains et citoyens, qui s&rsquo;assurent que l&rsquo;acc\u00e8s \u00e0 l&rsquo;eau et \u00e0 l&rsquo;hygi\u00e8ne soit garanti aux personnes, endossent une responsabilit\u00e9 qui n&rsquo;est pas la leur. Pourquoi devons-nous sans cesse nous battre pour que les droits fondamentaux des personnes soient respect\u00e9s dans notre ville, notre pays ?<\/p>\n<p>Nous avons essay\u00e9 \u00e0 deux reprises de vous rencontrer au printemps pour \u00e9changer avec vous sur le sujet. Vous n&rsquo;aviez pas le temps&#8230; Nous avons lanc\u00e9 notre \u00ab\u00a0Appel de Lyon\u00a0\u00bb contre la tentation raciste et nationaliste de l&rsquo;entre deux tours de l&rsquo;\u00e9lection pr\u00e9sidentielle, tout en affirmant notre volont\u00e9 de vigilance sur la politique \u00e0 venir. Et notre vigilance d\u00e9j\u00e0 tourne \u00e0 la col\u00e8re.<\/p>\n<p>La r\u00e9publique, la chose publique, Monsieur Collomb, ne doit-elle pas prendre pour sens l&rsquo;organisation de la vie en commun autour de nos valeurs r\u00e9publicaines ? Cette Politique, dont nous avons chacun la responsabilit\u00e9 en tant que citoyen, ne doit-elle pas viser \u00e0 instaurer la libert\u00e9, dont celle de circuler, de boire et se laver, l&rsquo;\u00e9galit\u00e9, dont celle des droits pour chacun de b\u00e9n\u00e9ficier de soins dignes et adapt\u00e9s, et la fraternit\u00e9 qui n&rsquo;est possible qu&rsquo;avec la d\u00e9termination de nos responsables politiques ?<\/p>\n<p>Nous esp\u00e9rons toujours pouvoir \u00e9changer avec vous sur le sens que vous souhaitez donner \u00e0 ces questions, afin qu&rsquo;\u00e0 Lyon, en France et dans le monde, le temps de l&rsquo;entrave, de la soif et des ch\u00e2teaux forts soit d\u00e9finitivement r\u00e9volu.<\/p>\n<p>Je vous prie d&rsquo;agr\u00e9er, Monsieur, l&rsquo;expression de mes sentiments distingu\u00e9s<\/p><\/div>\n<\/div>\n<\/div>\n<\/div>\n<\/div>\n<\/div>\n","protected":false},"excerpt":{"rendered":"<p>Voici le plaidoyer d&rsquo;un m\u00e9decin de M\u00e9decins du Monde adress\u00e9 \u00e0 Mr Collomb, ce m\u00eame m\u00e9decin qui a \u00e0 pr\u00e9sent entam\u00e9 une gr\u00e8ve de la faim pour protester contre les [&hellip;]<\/p>\n<p><a href=\"https:\/\/solidaritatubaye.fr\/?p=3823\" class=\"more-link style3-button\">Read More<\/a><\/p>","protected":false},"author":4,"featured_media":0,"comment_status":"open","ping_status":"open","sticky":false,"template":"","format":"standard","meta":[],"categories":[65,55,67],"tags":[],"_links":{"self":[{"href":"https:\/\/solidaritatubaye.fr\/index.php?rest_route=\/wp\/v2\/posts\/3823"}],"collection":[{"href":"https:\/\/solidaritatubaye.fr\/index.php?rest_route=\/wp\/v2\/posts"}],"about":[{"href":"https:\/\/solidaritatubaye.fr\/index.php?rest_route=\/wp\/v2\/types\/post"}],"author":[{"embeddable":true,"href":"https:\/\/solidaritatubaye.fr\/index.php?rest_route=\/wp\/v2\/users\/4"}],"replies":[{"embeddable":true,"href":"https:\/\/solidaritatubaye.fr\/index.php?rest_route=%2Fwp%2Fv2%2Fcomments&post=3823"}],"version-history":[{"count":1,"href":"https:\/\/solidaritatubaye.fr\/index.php?rest_route=\/wp\/v2\/posts\/3823\/revisions"}],"predecessor-version":[{"id":3824,"href":"https:\/\/solidaritatubaye.fr\/index.php?rest_route=\/wp\/v2\/posts\/3823\/revisions\/3824"}],"wp:attachment":[{"href":"https:\/\/solidaritatubaye.fr\/index.php?rest_route=%2Fwp%2Fv2%2Fmedia&parent=3823"}],"wp:term":[{"taxonomy":"category","embeddable":true,"href":"https:\/\/solidaritatubaye.fr\/index.php?rest_route=%2Fwp%2Fv2%2Fcategories&post=3823"},{"taxonomy":"post_tag","embeddable":true,"href":"https:\/\/solidaritatubaye.fr\/index.php?rest_route=%2Fwp%2Fv2%2Ftags&post=3823"}],"curies":[{"name":"wp","href":"https:\/\/api.w.org\/{rel}","templated":true}]}}