{"id":3821,"date":"2017-07-23T19:32:19","date_gmt":"2017-07-23T17:32:19","guid":{"rendered":"http:\/\/solidaritatubaye.fr\/?p=3821"},"modified":"2017-07-23T19:32:19","modified_gmt":"2017-07-23T17:32:19","slug":"le-cri-de-la-solidarite-face-aux-expulsions-imminentes","status":"publish","type":"post","link":"https:\/\/solidaritatubaye.fr\/?p=3821","title":{"rendered":"Le cri de la solidarit\u00e9 face aux expulsions imminentes"},"content":{"rendered":"<p>Un article paru dans la Marseillaise \u00e0 propos des proc\u00e9dures Dublin et des r\u00e9actions de Solidaritat <a href=\"http:\/\/www.lamarseillaise.fr\/alpes\/societe\/62279-le-cri-de-la-solidarite-face-aux-expulsions-imminentes\"><strong>ici<\/strong><\/a><\/p>\n<p>&nbsp;<\/p>\n<p>Solidaritat*<\/p>\n","protected":false},"excerpt":{"rendered":"<p>Un article paru dans la Marseillaise \u00e0 propos des proc\u00e9dures Dublin et des r\u00e9actions de Solidaritat ici &nbsp; Solidaritat*<\/p>\n<p><a href=\"https:\/\/solidaritatubaye.fr\/?p=3821\" class=\"more-link style3-button\">Read More<\/a><\/p>","protected":false},"author":4,"featured_media":0,"comment_status":"open","ping_status":"open","sticky":false,"template":"","format":"standard","meta":[],"categories":[65,67],"tags":[],"_links":{"self":[{"href":"https:\/\/solidaritatubaye.fr\/index.php?rest_route=\/wp\/v2\/posts\/3821"}],"collection":[{"href":"https:\/\/solidaritatubaye.fr\/index.php?rest_route=\/wp\/v2\/posts"}],"about":[{"href":"https:\/\/solidaritatubaye.fr\/index.php?rest_route=\/wp\/v2\/types\/post"}],"author":[{"embeddable":true,"href":"https:\/\/solidaritatubaye.fr\/index.php?rest_route=\/wp\/v2\/users\/4"}],"replies":[{"embeddable":true,"href":"https:\/\/solidaritatubaye.fr\/index.php?rest_route=%2Fwp%2Fv2%2Fcomments&post=3821"}],"version-history":[{"count":1,"href":"https:\/\/solidaritatubaye.fr\/index.php?rest_route=\/wp\/v2\/posts\/3821\/revisions"}],"predecessor-version":[{"id":3822,"href":"https:\/\/solidaritatubaye.fr\/index.php?rest_route=\/wp\/v2\/posts\/3821\/revisions\/3822"}],"wp:attachment":[{"href":"https:\/\/solidaritatubaye.fr\/index.php?rest_route=%2Fwp%2Fv2%2Fmedia&parent=3821"}],"wp:term":[{"taxonomy":"category","embeddable":true,"href":"https:\/\/solidaritatubaye.fr\/index.php?rest_route=%2Fwp%2Fv2%2Fcategories&post=3821"},{"taxonomy":"post_tag","embeddable":true,"href":"https:\/\/solidaritatubaye.fr\/index.php?rest_route=%2Fwp%2Fv2%2Ftags&post=3821"}],"curies":[{"name":"wp","href":"https:\/\/api.w.org\/{rel}","templated":true}]}}