{"id":3746,"date":"2017-05-10T11:28:41","date_gmt":"2017-05-10T09:28:41","guid":{"rendered":"http:\/\/solidaritatubaye.fr\/?p=3746"},"modified":"2017-05-10T11:28:41","modified_gmt":"2017-05-10T09:28:41","slug":"non-a-la-deportation-des-refugies-demandeurs-dasile-de-barcelonnette","status":"publish","type":"post","link":"https:\/\/solidaritatubaye.fr\/?p=3746","title":{"rendered":"NON A LA D\u00c9PORTATION DES R\u00c9FUGI\u00c9S DEMANDEURS D&rsquo;ASILE DE BARCELONNETTE"},"content":{"rendered":"<div  class=\"tatsu-ick4yqhjpd2kw3hn tatsu-section    tatsu-clearfix\" data-title=\"\"  data-headerscheme=\"background--dark\"><div class='tatsu-section-pad clearfix' data-padding='90px 0px 90px 0px' data-padding-top='90px'><div class=\"tatsu-row-wrap  tatsu-wrap tatsu-row-one-col tatsu-row-has-one-cols tatsu-medium-gutter tatsu-reg-cols  tatsu-clearfix tatsu-ick4yqhkgbf4gebt\" ><div  class=\"tatsu-row \" ><div  class=\"tatsu-column  tatsu-column-empty tatsu-one-col tatsu-column-image- tatsu-column-effect-  tatsu-ick4yqhkmabb1gh7\" data-animation=\"fadeIn\"   data-parallax-speed=\"0\" style=\"\"><div class=\"tatsu-column-inner \" ><div class=\"tatsu-column-pad-wrap\"><div class=\"tatsu-column-pad\" ><\/div><\/div><div class = \"tatsu-column-bg-image-wrap\"><div class = \"tatsu-column-bg-image\" ><\/div><\/div><\/div><style>.tatsu-ick4yqhkmabb1gh7.tatsu-column > .tatsu-column-inner > .tatsu-column-bg-image-wrap > .tatsu-column-bg-image{background-image: url(http:\/\/solidaritatubaye.fr\/wp-content\/uploads\/2015\/10\/accueil_0003.jpg);background-repeat: no-repeat;background-attachment: scroll;background-position: top left;background-size: cover;}.tatsu-ick4yqhkmabb1gh7.tatsu-column > .tatsu-column-inner > .tatsu-bg-blur{background-repeat: no-repeat;background-attachment: scroll;background-position: top left;background-size: cover;}.tatsu-ick4yqhkmabb1gh7.tatsu-column > .tatsu-column-inner > .tatsu-column-pad-wrap > .tatsu-column-pad{padding: 149px 149px 149px 149px ;}.tatsu-ick4yqhkmabb1gh7.tatsu-column > .tatsu-column-inner{border-width: 0 0 0 0;}.tatsu-ick4yqhkmabb1gh7.tatsu-column > .tatsu-column-inner > .tatsu-column-overlay{mix-blend-mode: none;}.tatsu-ick4yqhkmabb1gh7 > .tatsu-column-inner > .tatsu-top-divider{z-index: 9999;}.tatsu-ick4yqhkmabb1gh7 > .tatsu-column-inner > .tatsu-bottom-divider{z-index: 9999;}.tatsu-ick4yqhkmabb1gh7 > .tatsu-column-inner > .tatsu-left-divider{z-index: 9999;}.tatsu-ick4yqhkmabb1gh7 > .tatsu-column-inner > .tatsu-right-divider{z-index: 9999;}.tatsu-ick4yqhkmabb1gh7.tatsu-column{transform: translate3d(0px,0px, 0);}<\/style><\/div><\/div><\/div><div class=\"tatsu-row-wrap  tatsu-wrap tatsu-row-one-col tatsu-row-has-one-cols tatsu-medium-gutter tatsu-reg-cols  tatsu-clearfix tatsu-ick4yqhktf70izs1\" ><div  class=\"tatsu-row \" ><div  class=\"tatsu-column  tatsu-column-no-bg tatsu-one-col tatsu-column-image- tatsu-column-effect-  tatsu-ick4yqhl4l7yb2o0\" data-animation=\"fadeIn\"   data-parallax-speed=\"0\" style=\"\"><div class=\"tatsu-column-inner \" ><div class=\"tatsu-column-pad-wrap\"><div class=\"tatsu-column-pad\" ><div  class=\"tatsu-module tatsu-text-block-wrap tatsu-ick4yqhlce79a4w0  \"><div class=\"tatsu-text-inner   clearfix\" data-animation=\"fadeIn\"  ><style>.tatsu-ick4yqhlce79a4w0.tatsu-text-block-wrap .tatsu-text-inner{width: 100%;}<\/style>\n<p>Depuis novembre 2016, quarante demandeurs d\u2019asile arriv\u00e9s des camps de La Chapelle et de Stalingrad \u00e0 Paris, ont int\u00e9gr\u00e9 le Centre d\u2019Accueil et d\u2019Orientation de Barcelonnette, dans les Alpes de Haute Provence. <br \/>Originaires du Soudan, de Somalie et d\u2019\u00c9rythr\u00e9e, ils ont fui la guerre et sont pass\u00e9s par la Libye dans des conditions atroces et surv\u00e9cu aux tragiques travers\u00e9es de la M\u00e9diterran\u00e9e pour d\u00e9barquer en Italie.<\/p>\n<p>Apr\u00e8s une prise d\u2019empreintes digitales forc\u00e9e en Italie, ces jeunes hommes sont venus chercher refuge et protection en France. Depuis leur int\u00e9gration au CAO de Barcelonnette, et gr\u00e2ce aux actions de l\u2019association Solidaritat Ubaye ils se sont int\u00e9gr\u00e9s, participent \u00e0 des cours de fran\u00e7ais au moins 4 heures par semaine ainsi qu\u2019\u00e0 de nombreuses activit\u00e9s culturelles et sportives avec la population locale. <br \/>Des liens tr\u00e8s forts de confiance et d\u2019amiti\u00e9 r\u00e9ciproques se sont ainsi nou\u00e9s, participant de la reconstruction psychologique de ces jeunes profond\u00e9ment traumatis\u00e9s , qui pour la plupart ont \u00e9t\u00e9 tortur\u00e9s et soumis \u00e0 des traitements d\u00e9gradants.<\/p>\n<p>Ils ont obtenu le 30 novembre 2016 une attestation de demandeurs d\u2019asile \u00e0 la Pr\u00e9fecture de Marseille apr\u00e8s une nouvelle prise d\u2019empreintes digitales.<\/p>\n<p>Six d\u2019entre eux sont convoqu\u00e9s \u00e0 la Pr\u00e9fecture de Digne les Bains. <\/p>\n<p>En raison de la directive europ\u00e9enne dite de \u201cDublin\u201d qui pr\u00e9voit \u00e9ventuellement que cette demande doit \u00eatre trait\u00e9e dans le pays d\u2019entr\u00e9e en Union Europ\u00e9enne il va leur \u00eatre signifi\u00e9 que leur demande d&rsquo;asile doit \u00eatre instruite en Italie. <br \/>Or les autorit\u00e9s fran\u00e7aises ont toute latitude pour ne pas appliquer cette Directive \u00ab\u00a0Dublin\u00a0\u00bb. Elles ne l\u2019ont d\u2019ailleurs pas appliqu\u00e9e lors du d\u00e9mant\u00e8lement de la jungle de Calais en novembre 2016.<br \/>Le risque, outre les conditions d\u2019accueil d\u00e9plorables en Italie, o\u00f9 les conditions d&rsquo;instruction des demandes d&rsquo;asile sont discutables, et o\u00f9 les demandeurs ne pourront pas b\u00e9n\u00e9ficier du m\u00eame niveau en mati\u00e8re de protection , est l\u2019expulsion vers leurs pays d\u2019origine o\u00f9 une mort probable les attend.<\/p>\n<p>Pour ces raisons, Solidaritat Ubaye demande instamment aux autorit\u00e9s comp\u00e9tentes et tout particuli\u00e8rement au Pr\u00e9fet des Alpes de Haute Provence, de revenir sur l\u2019application de la Directive Dublin et de commencer \u00e0 instruire ces demandes d\u2019asile de Barcelonnette. <br \/>Ces demandeurs d\u2019asile \u00a0ont accept\u00e9 de rejoindre le CAO de Barcelonnette, et se sont parfaitement int\u00e9gr\u00e9s. <br \/>Ils apprennent la langue et la culture fran\u00e7aise, et devraient aujourd\u2019hui retourner en Italie ? <br \/>Cela nous semble aberrant, pour des raisons d&rsquo;abord humaines, mais \u00e9galement \u00e9conomiques. <\/p>\n<p>Une p\u00e9tition en ligne a d\u00e9j\u00e0 recueilli plus de 1200 signatures en trois jours. <\/p>\n<p>Cette demande est parfaitement justifi\u00e9e par la volont\u00e9 et la r\u00e9ussite de l\u2019int\u00e9gration de ces jeunes dans la Vall\u00e9e, leur d\u00e9sir de poursuivre le travail exemplaire accompli, et leur choix de vie qui consiste \u00e0 s\u2019accomplir en France.<\/p>\n<p>Ces r\u00e9sultats sont un mod\u00e8le qui honore l&rsquo;ensemble des habitants de Barcelonnette et de la Vall\u00e9e de l&rsquo;Ubaye.<\/p>\n<p>\u00a0<\/p>\n<p><a href=\"https:\/\/www.change.org\/p\/bureau-solidaritatubaye-fr-non-a-la-d\u00e9portation-des-r\u00e9fugi\u00e9s-demandeurs-d-asile-de-barcelonnette-c11ec245-6c0a-414c-bc73-c6e788d69d15?recruiter=54995161&amp;utm_source=share_petition&amp;utm_medium=facebook&amp;utm_campaign=autopublish&amp;utm_term=des-lg-share_petition-no_msg\"><strong>Le lien vers la p\u00e9tition.<\/strong><\/a><\/p>\n<\/div><\/div><\/div><\/div><div class = \"tatsu-column-bg-image-wrap\"><div class = \"tatsu-column-bg-image\" ><\/div><\/div><\/div><style>.tatsu-ick4yqhl4l7yb2o0.tatsu-column > .tatsu-column-inner > .tatsu-column-pad-wrap > .tatsu-column-pad{padding: 0px 0px 0px 0px;}.tatsu-ick4yqhl4l7yb2o0.tatsu-column > .tatsu-column-inner{border-width: 0 0 0 0;}.tatsu-ick4yqhl4l7yb2o0.tatsu-column > .tatsu-column-inner > .tatsu-column-overlay{mix-blend-mode: none;}.tatsu-ick4yqhl4l7yb2o0 > .tatsu-column-inner > .tatsu-top-divider{z-index: 9999;}.tatsu-ick4yqhl4l7yb2o0 > .tatsu-column-inner > .tatsu-bottom-divider{z-index: 9999;}.tatsu-ick4yqhl4l7yb2o0 > .tatsu-column-inner > .tatsu-left-divider{z-index: 9999;}.tatsu-ick4yqhl4l7yb2o0 > .tatsu-column-inner > .tatsu-right-divider{z-index: 9999;}.tatsu-ick4yqhl4l7yb2o0.tatsu-column{transform: translate3d(0px,0px, 0);}<\/style><\/div><\/div><\/div><\/div><div class=\"tatsu-section-background-wrap\"><div class = \"tatsu-section-background\" ><\/div><\/div><style>.tatsu-ick4yqhjpd2kw3hn .tatsu-section-pad{padding: 90px 0px 90px 0px;}.tatsu-ick4yqhjpd2kw3hn.tatsu-section{margin: 0px 0px 0px 0px;}.tatsu-ick4yqhjpd2kw3hn > .tatsu-bottom-divider{z-index: 9999;}.tatsu-ick4yqhjpd2kw3hn > .tatsu-top-divider{z-index: 9999;}<\/style><\/div>\n","protected":false},"excerpt":{"rendered":"<p><a href=\"https:\/\/solidaritatubaye.fr\/?p=3746\" class=\"more-link style3-button\">Read More<\/a><\/p>","protected":false},"author":1,"featured_media":0,"comment_status":"open","ping_status":"open","sticky":false,"template":"","format":"standard","meta":[],"categories":[55],"tags":[],"_links":{"self":[{"href":"https:\/\/solidaritatubaye.fr\/index.php?rest_route=\/wp\/v2\/posts\/3746"}],"collection":[{"href":"https:\/\/solidaritatubaye.fr\/index.php?rest_route=\/wp\/v2\/posts"}],"about":[{"href":"https:\/\/solidaritatubaye.fr\/index.php?rest_route=\/wp\/v2\/types\/post"}],"author":[{"embeddable":true,"href":"https:\/\/solidaritatubaye.fr\/index.php?rest_route=\/wp\/v2\/users\/1"}],"replies":[{"embeddable":true,"href":"https:\/\/solidaritatubaye.fr\/index.php?rest_route=%2Fwp%2Fv2%2Fcomments&post=3746"}],"version-history":[{"count":2,"href":"https:\/\/solidaritatubaye.fr\/index.php?rest_route=\/wp\/v2\/posts\/3746\/revisions"}],"predecessor-version":[{"id":3748,"href":"https:\/\/solidaritatubaye.fr\/index.php?rest_route=\/wp\/v2\/posts\/3746\/revisions\/3748"}],"wp:attachment":[{"href":"https:\/\/solidaritatubaye.fr\/index.php?rest_route=%2Fwp%2Fv2%2Fmedia&parent=3746"}],"wp:term":[{"taxonomy":"category","embeddable":true,"href":"https:\/\/solidaritatubaye.fr\/index.php?rest_route=%2Fwp%2Fv2%2Fcategories&post=3746"},{"taxonomy":"post_tag","embeddable":true,"href":"https:\/\/solidaritatubaye.fr\/index.php?rest_route=%2Fwp%2Fv2%2Ftags&post=3746"}],"curies":[{"name":"wp","href":"https:\/\/api.w.org\/{rel}","templated":true}]}}